{"id":54887,"date":"2019-06-03T02:12:05","date_gmt":"2019-06-03T02:12:05","guid":{"rendered":"https:\/\/colimdo.org\/?p=54887"},"modified":"2019-06-03T03:30:25","modified_gmt":"2019-06-03T03:30:25","slug":"delgado-no-asistiria-la-copa-del-mundo-baloncesto-2019","status":"publish","type":"post","link":"https:\/\/colimdo.org\/noticias\/delgado-no-asistiria-la-copa-del-mundo-baloncesto-2019\/","title":{"rendered":"Delgado no asistir\u00eda a la Copa del Mundo de Baloncesto 2019"},"content":{"rendered":"<p>(DIARIO LIBRE) El centro de la selecci\u00f3n nacional \u00c1ngel Delgado se desmont\u00f3 del Mundial de China 2019 (agosto 31-septiembre 15) y \u201ceso es cierto\u201d, manifest\u00f3 a Diario Libre el gerente de la selecci\u00f3n nacional de mayores, Francisco Garc\u00eda.<\/p>\n<p>Explic\u00f3 que Delgado le \u201chab\u00eda comentado que iba a jugar, que iba a ser parte de nuestro equipo, rumbo al Mundial de China, hasta la semana pasada\u201d.<\/p>\n<p>La raz\u00f3n se desconoce directamente del propio Delgado. \u201cNo s\u00e9 en realidad de d\u00f3nde sali\u00f3 la decisi\u00f3n. \u00c9l no dio detalles del por qu\u00e9, pero en realidad lo \u00fanico que tengo que decirle a mi pa\u00eds, al pueblo dominicano, es que se trat\u00f3\u201d.<\/p>\n<p>Garc\u00eda, un exselecci\u00f3n nacional, expres\u00f3 que como gerente es su \u201cdeber\u201d llevar el mejor equipo para representar a Rep\u00fablica Dominicana, \u201cpero \u00c1ngel Delgado es un profesional, \u00e9l toma sus decisiones\u201d.<\/p>\n<p>Dijo que hab\u00eda conversado con el centro de 6-10 de estatura y que \u00e9ste hab\u00eda dado su \u201cs\u00ed\u201d sobre que ten\u00eda el inter\u00e9s de participar. \u201cAhora esta ma\u00f1ana (del domingo) habl\u00e9 con \u00e9l otra vez y ah\u00ed me inform\u00f3 que no iba a ser parte de nuestro equipo\u201d.<\/p>\n<p>Indic\u00f3 que \u201ca nadie le conviene m\u00e1s\u201d que al propio Delgado jugar en un Mundial. \u201cPero esa es su decisi\u00f3n\u201d.<\/p>\n<p>Delgado se encuentra en estos momentos en Nueva York, Estados Unidos.<\/p>\n<p>Garc\u00eda consider\u00f3 que la decisi\u00f3n es \u201clamentable\u201d porque el pa\u00eds quer\u00eda ver a Delgado jugar. \u201cLo \u00fanico que quiero aclarar para el pueblo es que mientras he sido gerente de la selecci\u00f3n ning\u00fan jugador puede decir que se la ha incumplido, porque yo no lo aceptar\u00eda. No estar\u00eda siendo el gerente, hubiera renunciado\u201d.<\/p>\n<p>Una fuente cercana al jugador dijo que \u00e9ste est\u00e1 molesto por el trato que recibi\u00f3 previo al partido contra Chile en el pa\u00eds, ya que se lastim\u00f3 y la Fedombal lo descuid\u00f3. Pero que \u201clas puertas no est\u00e1n cerradas\u201d.<\/p>\n<p>\u201cLa decisi\u00f3n de \u00c1ngel \u00e9l despu\u00e9s explicar\u00e1 por qu\u00e9. Porque \u00e9l le debe una explicaci\u00f3n al pa\u00eds del por qu\u00e9\u201d, dijo Garc\u00eda.<\/p>\n<p>Dijo que se le cumpli\u00f3 contra Chile y cuando jug\u00f3 contra Venezuela en ese pa\u00eds. \u201cSe le present\u00f3 un peque\u00f1o problema en Estados Unidos que no tiene que ver nada con selecci\u00f3n ni con Federaci\u00f3n. Un problema personal que no se le pudo ayudar. De ah\u00ed el decide que no\u201d.<\/p>\n<p><strong>DIARIO LIBRE<\/strong><\/p>\n","protected":false},"excerpt":{"rendered":"<p>(DIARIO LIBRE) El centro de la selecci\u00f3n nacional \u00c1ngel Delgado se desmont\u00f3 del Mundial de China 2019 (agosto 31-septiembre 15) y \u201ceso es cierto\u201d, manifest\u00f3 a Diario Libre el gerente de la selecci\u00f3n nacional de mayores, Francisco Garc\u00eda. Explic\u00f3 que Delgado le \u201chab\u00eda comentado que iba a jugar, que iba a ser parte de nuestro [&hellip;]<\/p>\n","protected":false},"author":9,"featured_media":54888,"comment_status":"closed","ping_status":"closed","sticky":false,"template":"","format":"standard","meta":[],"categories":[2,60],"tags":[],"acf":[],"_links":{"self":[{"href":"https:\/\/colimdo.org\/wp-api\/wp\/v2\/posts\/54887"}],"collection":[{"href":"https:\/\/colimdo.org\/wp-api\/wp\/v2\/posts"}],"about":[{"href":"https:\/\/colimdo.org\/wp-api\/wp\/v2\/types\/post"}],"author":[{"embeddable":true,"href":"https:\/\/colimdo.org\/wp-api\/wp\/v2\/users\/9"}],"replies":[{"embeddable":true,"href":"https:\/\/colimdo.org\/wp-api\/wp\/v2\/comments?post=54887"}],"version-history":[{"count":1,"href":"https:\/\/colimdo.org\/wp-api\/wp\/v2\/posts\/54887\/revisions"}],"predecessor-version":[{"id":54889,"href":"https:\/\/colimdo.org\/wp-api\/wp\/v2\/posts\/54887\/revisions\/54889"}],"wp:featuredmedia":[{"embeddable":true,"href":"https:\/\/colimdo.org\/wp-api\/wp\/v2\/media\/54888"}],"wp:attachment":[{"href":"https:\/\/colimdo.org\/wp-api\/wp\/v2\/media?parent=54887"}],"wp:term":[{"taxonomy":"category","embeddable":true,"href":"https:\/\/colimdo.org\/wp-api\/wp\/v2\/categories?post=54887"},{"taxonomy":"post_tag","embeddable":true,"href":"https:\/\/colimdo.org\/wp-api\/wp\/v2\/tags?post=54887"}],"curies":[{"name":"wp","href":"https:\/\/api.w.org\/{rel}","templated":true}]}}