{"id":54896,"date":"2019-06-03T12:29:56","date_gmt":"2019-06-03T12:29:56","guid":{"rendered":"https:\/\/colimdo.org\/?p=54896"},"modified":"2019-06-03T13:34:09","modified_gmt":"2019-06-03T13:34:09","slug":"se-realiza-exito-la-primera-prueba-del-carril-lima-2019","status":"publish","type":"post","link":"https:\/\/colimdo.org\/noticias\/se-realiza-exito-la-primera-prueba-del-carril-lima-2019\/","title":{"rendered":"Se realiza con \u00e9xito la primera prueba del carril en Lima 2019"},"content":{"rendered":"<p>El Comit\u00e9 Organizador de los Juegos Panamericanos y Parapanamericanos Lima 2019 y la Polic\u00eda Nacional del Per\u00fa realizaron con gran \u00e9xito la primera prueba del Carril Lima 2019, que es parte del Plan Vial que garantizar\u00e1 que las competencias y ceremonias de los Juegos se realicen en los horarios establecidos y que la ciudadan\u00eda se vea afectada lo menos posible.<\/p>\n<p>El operativo, en el que participaron efectivos de la Direcci\u00f3n de Tr\u00e1nsito, Transporte y Seguridad Vial asai como de Seguridad del Estado, inici\u00f3 en horas de la madrugada (4:00 a.m.) para delimitar un carril exclusivo, en ambos sentidos, en la Panamericana Sur, de la Villa Panamericana y Parapanamericana en Villa El Salvador, principal sede de alojamiento en los Juegos Lima 2019, hasta la Villa Deportiva Nacional (VIDENA), que ser\u00e1 el principal centro de competencias en dicho certamen internacional.<\/p>\n<p>Los resultados han sido valiosos para evaluar esta primera prueba del Carril Lima 2019, que funcionar\u00e1 durante la realizaci\u00f3n de los Juegos Panamericanos y Parapanamericanos. El General PNP Jorge Lam, Director de la Polic\u00eda de Tr\u00e1nsito, se\u00f1al\u00f3 que fue una buena prueba de lo que ser\u00e1 en el mes de julio.<\/p>\n<p>\u201cLa segregaci\u00f3n de la v\u00eda se realiz\u00f3 entre la Villa Panamericana hasta la VIDENA, con un total de 20 kil\u00f3metros. Esta es una v\u00eda altamente transitada (Panamericana Sur), pero es un ensayo para que la poblaci\u00f3n tenga conocimiento de lo que va a suceder en los Juegos. La segregaci\u00f3n de dicha via durante la realizaci\u00f3n de los Juegos ser\u00e1 durante las 24 horas y en las otras 20 rutas segregadas durante el tiempo estrictamente necesario de acuerdo a lo previsto\u201d.<\/p>\n<p>\u201cEsta es la ruta principal de la Villa Panamericana a la VIDENA y el primer balance nos deja resultados positivos. Los conductores han respetado la v\u00eda, algunos quer\u00edan ingresar, pero la Polic\u00eda estuvo atenta y se infraccion\u00f3 a algunos. Todos deben respetar la segregaci\u00f3n y la fiscalizaci\u00f3n ser\u00e1 permanente y a travez de fotopapeletas. Esto ocurrir\u00e1 desde la segunda quincena de julio hasta el t\u00e9rmino de los Juegos\u201d.<\/p>\n<p>\u201cQueremos que los conductores respeten y hagan uso de las rutas alternas. Vamos a darle seguridad total a los visitantes y la ciudadan\u00eda. Queremos que todos se unan a los Juegos, porque es la imagen del pa\u00eds. Debemos demostrar al mundo que el Per\u00fa est\u00e1 preparado para organizar grandes eventos\u201d, se\u00f1al\u00f3 el General Lam.<\/p>\n<p>En tanto, el General PNP Jos\u00e9 Manuel Pozo, Director de Seguridad del Estado, destac\u00f3 que el primer ensayo fue importante para sacar conclusiones. \u201cEsta ser\u00e1 una v\u00eda exclusiva para llegar a tiempo. Trabajamos en forma articulada con las diversas direcciones de la Polic\u00eda. Nosotros tendremos a nuestros efectivos resguardando a las delegaciones en los propios buses y acompa\u00f1ando sus recorridos para garantizar su seguridad\u201d, inform\u00f3.<\/p>\n<p>Mientras que \u00c1lvaro Castro, responsable del \u00c1rea de Transportes de Lima 2019, dijo que \u201cla organizaci\u00f3n tiene la obligaci\u00f3n de dar un servicio de categor\u00eda ol\u00edmpica a las delegaciones que llegar\u00e1n para los Juegos. Tendremos a m\u00e1s de 8 mil atletas y debemos comportarnos de la mejor manera. Les pedimos a los ciudadanos y conductores respetar las v\u00edas exclusivas. Debemos de llevarlos en un m\u00e1ximo de 45 minutos a sus sedes. Tendremos 21 rutas y esta es la primera prueba. Van a segregarse las v\u00edas para llegar a tiempo, porque ac\u00e1 Jugamos Todos\u201d, afirm\u00f3.<\/p>\n<p><strong>LA PRIMERA PRUEBA DEL CARRIL<\/strong><\/p>\n<p>La Direcci\u00f3n de Tr\u00e1nsito, Transporte y Seguridad Vial de la Polic\u00eda Nacional realiz\u00f3 as\u00ed la \u201cPrimera Prueba del Carril Lima 2019\u201d, en las v\u00edas por donde se desplazar\u00e1n los veh\u00edculos oficiales que transportar\u00e1n a m\u00e1s de 8,000 atletas, adem\u00e1s de jueces, \u00e1rbitros, periodistas acreditados, voluntarios y comitiva oficial de los Juegos.<\/p>\n<p>Entre las 04:00 hasta las 9:00 horas se segreg\u00f3 y restringi\u00f3 el tr\u00e1nsito en el carril izquierdo, en ambos sentidos, de la ruta que va desde la Villa Panamericana y Parapanamericana en Villa el Salvador, -donde se alojar\u00e1n atletas y oficiales t\u00e9cnicos de 41 pa\u00edses-, hasta la principal sede de competencia, la Villa Deportiva Nacional (VIDENA), ubicada en San Luis. En este recinto se desarrollar\u00e1n las competencias de Atletismo, Nataci\u00f3n, Bowling, Tenis de mesa, B\u00e1dminton, Judo, Patinaje Art\u00edstico, Balonmano, Squash y Ciclismo de pista.<\/p>\n","protected":false},"excerpt":{"rendered":"<p>El Comit\u00e9 Organizador de los Juegos Panamericanos y Parapanamericanos Lima 2019 y la Polic\u00eda Nacional del Per\u00fa realizaron con gran \u00e9xito la primera prueba del Carril Lima 2019, que es parte del Plan Vial que garantizar\u00e1 que las competencias y ceremonias de los Juegos se realicen en los horarios establecidos y que la ciudadan\u00eda se [&hellip;]<\/p>\n","protected":false},"author":9,"featured_media":54897,"comment_status":"closed","ping_status":"closed","sticky":false,"template":"","format":"standard","meta":[],"categories":[2,60],"tags":[],"acf":[],"_links":{"self":[{"href":"https:\/\/colimdo.org\/wp-api\/wp\/v2\/posts\/54896"}],"collection":[{"href":"https:\/\/colimdo.org\/wp-api\/wp\/v2\/posts"}],"about":[{"href":"https:\/\/colimdo.org\/wp-api\/wp\/v2\/types\/post"}],"author":[{"embeddable":true,"href":"https:\/\/colimdo.org\/wp-api\/wp\/v2\/users\/9"}],"replies":[{"embeddable":true,"href":"https:\/\/colimdo.org\/wp-api\/wp\/v2\/comments?post=54896"}],"version-history":[{"count":1,"href":"https:\/\/colimdo.org\/wp-api\/wp\/v2\/posts\/54896\/revisions"}],"predecessor-version":[{"id":54898,"href":"https:\/\/colimdo.org\/wp-api\/wp\/v2\/posts\/54896\/revisions\/54898"}],"wp:featuredmedia":[{"embeddable":true,"href":"https:\/\/colimdo.org\/wp-api\/wp\/v2\/media\/54897"}],"wp:attachment":[{"href":"https:\/\/colimdo.org\/wp-api\/wp\/v2\/media?parent=54896"}],"wp:term":[{"taxonomy":"category","embeddable":true,"href":"https:\/\/colimdo.org\/wp-api\/wp\/v2\/categories?post=54896"},{"taxonomy":"post_tag","embeddable":true,"href":"https:\/\/colimdo.org\/wp-api\/wp\/v2\/tags?post=54896"}],"curies":[{"name":"wp","href":"https:\/\/api.w.org\/{rel}","templated":true}]}}