{"id":54904,"date":"2019-06-03T16:13:58","date_gmt":"2019-06-03T16:13:58","guid":{"rendered":"https:\/\/colimdo.org\/?p=54904"},"modified":"2019-06-03T18:37:12","modified_gmt":"2019-06-03T18:37:12","slug":"francisco-garcia-dice-angel-delgado-tomo-mala-decision-al-declinar-ir-al-mundial-baloncesto","status":"publish","type":"post","link":"https:\/\/colimdo.org\/noticias\/francisco-garcia-dice-angel-delgado-tomo-mala-decision-al-declinar-ir-al-mundial-baloncesto\/","title":{"rendered":"Francisco Garc\u00eda dice que \u00c1ngel Delgado tom\u00f3 mala decisi\u00f3n al declinar ir al Mundial"},"content":{"rendered":"<p>EL NUEVO DIARIO, SANTO DOMINGO.- El gerente general de la selecci\u00f3n dominicana de baloncesto de mayores, \u00a0Francisco Garc\u00eda, calific\u00f3 de lamentable la decisi\u00f3n tomada este domingo por el jugador \u00c1ngel Luis Delgado, quien declin\u00f3 participar con el equipo tricolor para el Mundial de Baloncesto, a desarrollarse en China del 31 de agosto al 15 de septiembre.<\/p>\n<p>Delgado, quien jug\u00f3 este a\u00f1o sus dos primeros compromisos de la NBA, hizo el anuncio a trav\u00e9s de un \u201cInstagram Live\u201d, donde describi\u00f3 que no puede explicar las razones por la cual no participar\u00e1 con el conjunto dominicano.<\/p>\n<p>Garc\u00eda, de su lado, explic\u00f3 a El Nuevo Diario v\u00eda telef\u00f3nica, que con esta decisi\u00f3n el jugador deja claro el \u201cdeseo\u201d que tiene para representar el pa\u00eds. \u201cEn realidad se le nota el inter\u00e9s que tiene para representar el pa\u00eds\u201d.<\/p>\n<p>Expres\u00f3 que hab\u00eda hablado con delgado la ma\u00f1ana de este domingo y que el jugador le expres\u00f3 su decisi\u00f3n de no representar la bandera nacional.<\/p>\n<p>\u201cTodo estaba perfecto hasta este fin de semana cuando \u00e9l (\u00c1ngel Delgado) solicit\u00f3 algo y la selecci\u00f3n no se lo pudo dar, porque no tiene nada que ver con selecci\u00f3n, entonces \u00e9l tom\u00f3 su decisi\u00f3n, la cual respeto\u201d, dijo Garc\u00eda a este medio.<\/p>\n<p>\u201cCuando t\u00fa vas a representar la selecci\u00f3n la representas sin ning\u00fan inter\u00e9s, porque ya tu eres un profesional. Cuando t\u00fa eres un profesional y va a representar tu pa\u00eds como yo lo represent\u00e9 por m\u00e1s de 10 a\u00f1os, no lo hice por inter\u00e9s\u201d, coment\u00f3.<\/p>\n<p>Seg\u00fan Garc\u00eda, Delgado declin\u00f3 por razones que \u201cno son cosas de baloncesto\u201d. \u201cPara representar el pa\u00eds no se debe poner \u201cperos\u201d y menos cuando es nivel de selecci\u00f3n nacional y se les trata como profesional\u201d, indic\u00f3 el gerente.<\/p>\n<p>\u201cEl pa\u00eds tiene que saber que se hizo todo lo posible con \u00c1ngel, se habl\u00f3 con \u00e9l como se ha hecho con todos los jugadores\u201d, inform\u00f3. Sin ofrecer m\u00e1s detalles sobre la causa que alej\u00f3 al pivot de la Copa Mundial de la FIBA<\/p>\n<p>\u201cNo se quiere representar el pa\u00eds no por una lesi\u00f3n, sino por otros tipos de razones son sus decisiones\u201d, comunic\u00f3.<\/p>\n<p>Francisco dijo que, como gerente, no puede sobrepasar la selecci\u00f3n. \u201cCuando se habla de selecci\u00f3n se habla del pa\u00eds, no se trata de Francisco Garc\u00eda ni de \u00c1ngel Delgado, se trata del pa\u00eds\u201d.<\/p>\n<p>Explic\u00f3 que no va a permitir que ning\u00fan jugador est\u00e9 por encima de la selecci\u00f3n dominicana: \u201cNo voy a permitir que ning\u00fan jugador se crea estar por encima de la selecci\u00f3n, el que va a jugar en la selecci\u00f3n es a representar su pa\u00eds, porque esto es por el pa\u00eds\u201d.<\/p>\n<p>Indic\u00f3 que como gerente invita a todos los jugadores que tienen el nivel para representar el pa\u00eds, aclarando que los atletas son los responsables de tomar sus decisiones.<\/p>\n<p>\u201cCualquier jugador que quiera decir que la selecci\u00f3n le ha maltratado o le ha faltado que me lo diga a m\u00ed\u201d, explic\u00f3 que la selecci\u00f3n a nadie le ha incumplido ni cuando fue jugador, ni ahora como gerente.<\/p>\n<p>Agreg\u00f3 que acept\u00f3 el puesto de gerente para ayudar al pa\u00eds y porque reconoce que la gente con la cual labora, Eduardo Najri, apoderado del equipo y Rafael Uribe, presidente de la Federaci\u00f3n Dominicana de Baloncesto, nunca le quedaron mal a \u00e9l.<\/p>\n<p><strong>Le conviene jugar en un mundial<\/strong><\/p>\n<p>\u201cA nadie le conviene m\u00e1s jugar en un Mundial de Baloncesto que a \u00c1ngel Delgado, a nadie, a nadie\u201d, afirm\u00f3 Garc\u00eda.<\/p>\n<p>Declar\u00f3 que hablo por la v\u00eda telef\u00f3nica con el jugador sobre el tema \u201cLe dije: \u00c1ngel est\u00e1s tomando una mala decisi\u00f3n, hermano, a nadie le conviene jugar en evento m\u00e1s que t\u00fa. A ning\u00fan jugador, a ti es que m\u00e1s te conviene porque est\u00e1s comenzando tu carrera y t\u00fa no sabes lo que va a pasar en la NBA\u201d.<\/p>\n<p>Dijo que el mercado de la NBA es el m\u00e1s duro que hay en el mundo y que no se explica que Delgado este despreciando una oportunidad as\u00ed.<\/p>\n<p><strong>Debe pedirle excusas al pa\u00eds<\/strong><\/p>\n<p>Explic\u00f3 que si el jugador quiere revertir su decisi\u00f3n y acepta jugar con el seleccionado en la cita de China, debe disculparse ante pa\u00eds. \u201cDebe pedirle excusas al pa\u00eds, no a m\u00ed, yo estoy trabajando para el pa\u00eds. \u00c9l va a representar el pa\u00eds no a Francisco Garc\u00eda\u201d.<\/p>\n<p><strong>La Transici\u00f3n<\/strong><\/p>\n<p>Expuso no saber qu\u00e9 est\u00e1 pasando con esta transici\u00f3n de jugadores del pa\u00eds.<\/p>\n<p>Puso el ejemplo de otras selecciones nacionales donde los jugadores confirman su participaci\u00f3n desde antes de terminar las temporada de la NBA.<\/p>\n<p>Explic\u00f3 que \u00e9l, Chalie Villanueva y Al Horford, confirmaban con tiempo su participaci\u00f3n en los diferentes torneo. Lament\u00f3 que Horford no pudiera estar en los \u00faltimos compromisos internacionales debido a su situaci\u00f3n contractual y problemas de salud en la rodilla.<\/p>\n<p><strong>Confirma altas probabilidades de Horford y Towns<\/strong><\/p>\n<p>Confirm\u00f3 que los otros jugadores dominicanos en la NBA, Al Horford y Karl Towns tienen una alta probabilidad (85%) de representar al pa\u00eds en la cita mundialista de China.<\/p>\n","protected":false},"excerpt":{"rendered":"<p>Delgado, quien jug\u00f3 este a\u00f1o sus dos primeros compromisos de la NBA, hizo el anuncio a trav\u00e9s de un \u201cInstagram Live\u201d, donde describi\u00f3 que no puede explicar las razones por la cual no participar\u00e1 con el conjunto dominicano.<\/p>\n","protected":false},"author":16,"featured_media":54905,"comment_status":"closed","ping_status":"closed","sticky":false,"template":"","format":"standard","meta":[],"categories":[2,60],"tags":[],"acf":[],"_links":{"self":[{"href":"https:\/\/colimdo.org\/wp-api\/wp\/v2\/posts\/54904"}],"collection":[{"href":"https:\/\/colimdo.org\/wp-api\/wp\/v2\/posts"}],"about":[{"href":"https:\/\/colimdo.org\/wp-api\/wp\/v2\/types\/post"}],"author":[{"embeddable":true,"href":"https:\/\/colimdo.org\/wp-api\/wp\/v2\/users\/16"}],"replies":[{"embeddable":true,"href":"https:\/\/colimdo.org\/wp-api\/wp\/v2\/comments?post=54904"}],"version-history":[{"count":2,"href":"https:\/\/colimdo.org\/wp-api\/wp\/v2\/posts\/54904\/revisions"}],"predecessor-version":[{"id":54939,"href":"https:\/\/colimdo.org\/wp-api\/wp\/v2\/posts\/54904\/revisions\/54939"}],"wp:featuredmedia":[{"embeddable":true,"href":"https:\/\/colimdo.org\/wp-api\/wp\/v2\/media\/54905"}],"wp:attachment":[{"href":"https:\/\/colimdo.org\/wp-api\/wp\/v2\/media?parent=54904"}],"wp:term":[{"taxonomy":"category","embeddable":true,"href":"https:\/\/colimdo.org\/wp-api\/wp\/v2\/categories?post=54904"},{"taxonomy":"post_tag","embeddable":true,"href":"https:\/\/colimdo.org\/wp-api\/wp\/v2\/tags?post=54904"}],"curies":[{"name":"wp","href":"https:\/\/api.w.org\/{rel}","templated":true}]}}