{"id":54928,"date":"2019-06-03T18:07:17","date_gmt":"2019-06-03T18:07:17","guid":{"rendered":"https:\/\/colimdo.org\/?p=54928"},"modified":"2019-06-03T18:13:52","modified_gmt":"2019-06-03T18:13:52","slug":"comite-ejecutivo-del-cod-se-reune-este-martes-santiago","status":"publish","type":"post","link":"https:\/\/colimdo.org\/noticias\/comite-ejecutivo-del-cod-se-reune-este-martes-santiago\/","title":{"rendered":"Comit\u00e9 Ejecutivo del COD se re\u00fane este martes en Santiago"},"content":{"rendered":"<p class=\"x_ydpe5ccff1bMsoNormal\"><span lang=\"ES-TRAD\">SANTO DOMINGO.- El Comit\u00e9 Ejecutivo del Comit\u00e9 Ol\u00edmpico Dominicano (COD) se reunir\u00e1 este martes, 4 de junio, en la ciudad de Santiago.<\/span><\/p>\n<p class=\"x_ydpe5ccff1bMsoNormal\"><span lang=\"ES-TRAD\">La sesi\u00f3n de trabajo del Comit\u00e9 Ejecutivo del COD corresponde a la del mes de junio y ser\u00e1 realizada a partir de las 10:00 de la ma\u00f1ana, en el aula Octagonal del edificio de Post Grado de la Pontificia Universidad Cat\u00f3lica Madre y Maestra (UCMM).<\/span><\/p>\n<p class=\"x_ydpe5ccff1bMsoNormal\"><span lang=\"ES-TRAD\">En la reuni\u00f3n se tratar\u00e1 una agenda que incluye \u201csituaci\u00f3n del de deporte en la regi\u00f3n Norte y Juegos Centroamericanos y del Caribe\u201d.<\/span><\/p>\n<p><span lang=\"ES-TRAD\">La reuni\u00f3n estar\u00e1 encabezada por el licenciado Luis Mej\u00eda Oviedo, presidente del COD y adem\u00e1s participar\u00e1n el doctor Jos\u00e9 Joaqu\u00edn Puello, presidente Ad Vitam;\u00a0<\/span><span lang=\"ES-TRAD\">Antonio Acosta, Luis Chanlatte y Rafael Uribe vicepresidentes;\u00a0<\/span><span lang=\"ES-TRAD\">Gilberto Garc\u00eda, Secretario General; Gerardo Suero Correa, Co-Secretario; Jos\u00e9 Luis Ram\u00edrez, tesorero; Edwin Rodr\u00edguez, co-tesorer\u00eda; Nelson Ram\u00edrez, Dulce Mar\u00eda Pi\u00f1a, y Rafael Villalona, vocales.<\/span><\/p>\n<p><span lang=\"ES-TRAD\">A la reuni\u00f3n est\u00e1n invitados el dos veces medallista ol\u00edmpico F\u00e9lix S\u00e1nchez, as\u00ed como el profesor Nelly Manuel Do\u00f1\u00e9, quienes tambi\u00e9n forman parte del organismo ol\u00edmpico.<\/span><\/p>\n<p><span lang=\"ES-TRAD\">Tambi\u00e9n participar\u00e1n directivos de la Uni\u00f3n Deportiva y de la Asociaci\u00f3n de Cronistas deportivos de la ciudad de Santiago.<\/span><\/p>\n<p class=\"x_ydpe5ccff1bMsoNormal\"><span lang=\"ES-TRAD\">Este encuentro de los ejecutivos del COD forma parte del programa que lleva a cabo ese organismo para tener contacto con la dirigencia del interior del pa\u00eds, sacando de la sede del COD esas reuniones y llev\u00e1ndola a los clubes de la capital y tambi\u00e9n al interior del pa\u00eds.<\/span><\/p>\n<p class=\"x_ydpe5ccff1bMsoNormal\"><span lang=\"ES-TRAD\">La reuni\u00f3n pautada para este martes en la ciudad de Santiago, es la primera del nuevo comit\u00e9 ejecutivo que se realiza en el interior. Es una manera de tener un acercamiento con la dirigencia del interior y conocer de cerca sus inquietudes y sugerencias.<\/span><\/p>\n<p class=\"x_ydpe5ccff1bMsoNormal\"><span lang=\"ES-TRAD\">Antes el Comit\u00e9 Ejecutivo del COD celebr\u00f3 en el mes de mayo su reuni\u00f3n en los salones del club Mauricio B\u00e1ez.<\/span><\/p>\n","protected":false},"excerpt":{"rendered":"<p>La sesi\u00f3n de trabajo del Comit\u00e9 Ejecutivo del COD corresponde a la del mes de junio y ser\u00e1 realizada a partir de las 10:00 de la ma\u00f1ana, en el aula Octagonal del edificio de Post Grado de la Pontificia Universidad Cat\u00f3lica Madre y Maestra (UCMM).<\/p>\n","protected":false},"author":16,"featured_media":54929,"comment_status":"closed","ping_status":"closed","sticky":false,"template":"","format":"standard","meta":[],"categories":[2,60],"tags":[],"acf":[],"_links":{"self":[{"href":"https:\/\/colimdo.org\/wp-api\/wp\/v2\/posts\/54928"}],"collection":[{"href":"https:\/\/colimdo.org\/wp-api\/wp\/v2\/posts"}],"about":[{"href":"https:\/\/colimdo.org\/wp-api\/wp\/v2\/types\/post"}],"author":[{"embeddable":true,"href":"https:\/\/colimdo.org\/wp-api\/wp\/v2\/users\/16"}],"replies":[{"embeddable":true,"href":"https:\/\/colimdo.org\/wp-api\/wp\/v2\/comments?post=54928"}],"version-history":[{"count":3,"href":"https:\/\/colimdo.org\/wp-api\/wp\/v2\/posts\/54928\/revisions"}],"predecessor-version":[{"id":54932,"href":"https:\/\/colimdo.org\/wp-api\/wp\/v2\/posts\/54928\/revisions\/54932"}],"wp:featuredmedia":[{"embeddable":true,"href":"https:\/\/colimdo.org\/wp-api\/wp\/v2\/media\/54929"}],"wp:attachment":[{"href":"https:\/\/colimdo.org\/wp-api\/wp\/v2\/media?parent=54928"}],"wp:term":[{"taxonomy":"category","embeddable":true,"href":"https:\/\/colimdo.org\/wp-api\/wp\/v2\/categories?post=54928"},{"taxonomy":"post_tag","embeddable":true,"href":"https:\/\/colimdo.org\/wp-api\/wp\/v2\/tags?post=54928"}],"curies":[{"name":"wp","href":"https:\/\/api.w.org\/{rel}","templated":true}]}}