{"id":54933,"date":"2019-06-03T18:24:54","date_gmt":"2019-06-03T18:24:54","guid":{"rendered":"https:\/\/colimdo.org\/?p=54933"},"modified":"2019-06-03T18:35:47","modified_gmt":"2019-06-03T18:35:47","slug":"entregan-vivienda-atleta-estefania-soriano","status":"publish","type":"post","link":"https:\/\/colimdo.org\/noticias\/entregan-vivienda-atleta-estefania-soriano\/","title":{"rendered":"Entregan vivienda a atleta Estefan\u00eda Soriano en su natal Bayaguana"},"content":{"rendered":"<p class=\"x_MsoNormal\"><span lang=\"ES\">BAYAGUANA. El Instituto Nacional de la Vivienda (INVI) entreg\u00f3 este lunes una casa a la atleta Estefan\u00eda Soriano, judoca dominicana que gan\u00f3 medalla de oro en los Juegos Deportivos, Centroamericanos y del Caribe de Barranquilla 2018, Colombia.<\/span><\/p>\n<p class=\"x_MsoNormal\"><span lang=\"ES\">La entrega de un techo digno se efectu\u00f3 en el lugar nativo de la\u00a0 joven deportista y se hizo dentro de un ambiente de camarader\u00eda que encabezaron el director del INVI, ingeniero Mayobanex Escoto; el ministro de Deportes, licenciado Danilo D\u00edaz; el presidente del Comit\u00e9 Ol\u00edmpico Dominicano, Luis Mej\u00eda Oviedo y Mar\u00eda Garc\u00eda, enlace entre los atletas de alto rendimiento y el Ministerio de Deportes.<\/span><\/p>\n<p class=\"x_MsoNormal\"><span lang=\"ES\">Al recibir las llaves de su vivienda, la atleta de 21 a\u00f1os de edad, dijo entre l\u00e1grimas lo feliz que se siente al recibir un techo que le da tranquilidad a ella y su familia.<\/span><\/p>\n<p class=\"x_MsoNormal\"><span lang=\"ES\">\u201cMuchas gracias al INVI que me ha hecho mi sue\u00f1o realidad, de poderle dar una mejor condici\u00f3n de vida a mi mam\u00e1 y a mi hijo\u201d, dijo Soriano durante un acto celebrado en su nueva residencia.<\/span><\/p>\n<p class=\"x_MsoNormal\"><span lang=\"ES\">Con la entrega, el INVI y su director cumplen con la promesa hecha de proveer una vivienda a la\u00a0 deportista nativa de este municipio perteneciente a la provincia de Monte Plata.<\/span><\/p>\n<p class=\"x_MsoNormal\"><span lang=\"ES\">Mayobanex Escoto felicit\u00f3 a la joven atleta, destacando su excelente desempe\u00f1o que permiti\u00f3 que se izara la bandera dominicana durante los Juegos Centroamericanos y del Caribe.<\/span><\/p>\n<p class=\"x_MsoNormal\"><span lang=\"ES\">Asimismo, Escoto resalt\u00f3 la entrega de esta nueva vivienda, destacando que \u201ces un reconocimiento por parte del Estado, que cambiar\u00e1 las condiciones de vida de esta joven judoca\u201d.<\/span><\/p>\n<p class=\"x_MsoNormal\"><span lang=\"ES\">En ese mismo orden, el ministro de Deportes, Danilo D\u00edaz manifest\u00f3 que esta entrega es producto de un esfuerzo en conjunto que realiza el movimiento deportivo junto al INVI, con el que se busca elevar la calidad de vida de los atletas dominicanos.<\/span><\/p>\n<p class=\"x_MsoNormal\"><span lang=\"ES\">Adem\u00e1s, se comprometi\u00f3 a amueblar la nueva vivienda de la atleta con todos los ajuares necesarios para que puedan vivir en condiciones dignas.<\/span><\/p>\n<p class=\"x_MsoNormal\"><span lang=\"ES\">La dominicana alcanz\u00f3 el primer oro del judo de los Juegos Centroamericanos y del Caribe al vencer en la final de la categor\u00eda de 44 kilogramos a la colombiana \u00c9rika Lasso, que obtuvo la plata.<\/span><\/p>\n<p class=\"x_MsoNormal\"><span lang=\"ES\">Soriano tambi\u00e9n conquist\u00f3 medalla de oro en la S\u00faper Copa Espa\u00f1a Senior de Judo Barcelona 2019, celebrado en febrero de este a\u00f1o.<\/span><\/p>\n<p class=\"x_MsoNormal\"><span lang=\"ES\">Durante la entrega estuvieron presentes el gobernador provincial, Nicio Rosario y la alcaldesa de Bayaguana, Narda Hubieres<\/span><\/p>\n","protected":false},"excerpt":{"rendered":"<p>Al recibir las llaves de su vivienda, la atleta de 21 a\u00f1os de edad, dijo entre l\u00e1grimas lo feliz que se siente al recibir un techo que le da tranquilidad a ella y su familia.<\/p>\n","protected":false},"author":16,"featured_media":54934,"comment_status":"closed","ping_status":"closed","sticky":false,"template":"","format":"standard","meta":[],"categories":[2,60],"tags":[],"acf":[],"_links":{"self":[{"href":"https:\/\/colimdo.org\/wp-api\/wp\/v2\/posts\/54933"}],"collection":[{"href":"https:\/\/colimdo.org\/wp-api\/wp\/v2\/posts"}],"about":[{"href":"https:\/\/colimdo.org\/wp-api\/wp\/v2\/types\/post"}],"author":[{"embeddable":true,"href":"https:\/\/colimdo.org\/wp-api\/wp\/v2\/users\/16"}],"replies":[{"embeddable":true,"href":"https:\/\/colimdo.org\/wp-api\/wp\/v2\/comments?post=54933"}],"version-history":[{"count":3,"href":"https:\/\/colimdo.org\/wp-api\/wp\/v2\/posts\/54933\/revisions"}],"predecessor-version":[{"id":54938,"href":"https:\/\/colimdo.org\/wp-api\/wp\/v2\/posts\/54933\/revisions\/54938"}],"wp:featuredmedia":[{"embeddable":true,"href":"https:\/\/colimdo.org\/wp-api\/wp\/v2\/media\/54934"}],"wp:attachment":[{"href":"https:\/\/colimdo.org\/wp-api\/wp\/v2\/media?parent=54933"}],"wp:term":[{"taxonomy":"category","embeddable":true,"href":"https:\/\/colimdo.org\/wp-api\/wp\/v2\/categories?post=54933"},{"taxonomy":"post_tag","embeddable":true,"href":"https:\/\/colimdo.org\/wp-api\/wp\/v2\/tags?post=54933"}],"curies":[{"name":"wp","href":"https:\/\/api.w.org\/{rel}","templated":true}]}}