{"id":54940,"date":"2019-06-03T18:57:56","date_gmt":"2019-06-03T18:57:56","guid":{"rendered":"https:\/\/colimdo.org\/?p=54940"},"modified":"2019-06-03T18:58:31","modified_gmt":"2019-06-03T18:58:31","slug":"arranca-este-martes-ciclo-charlas-deportistas-alojados-albergue","status":"publish","type":"post","link":"https:\/\/colimdo.org\/noticias\/arranca-este-martes-ciclo-charlas-deportistas-alojados-albergue\/","title":{"rendered":"Arranca este martes ciclo charlas a deportistas alojados en Albergue"},"content":{"rendered":"<p><strong>SANTO DOMINGO<\/strong>.- La Jefatura de Misi\u00f3n iniciar\u00e1 este martes un ciclo de charlas a los atletas, entrenadores y delegados de las diferentes disciplinas que tomar\u00e1n parte en los XVIII Juegos Panamericanos que ser\u00e1n celebrados del 26 de julio al 11 de agosto pr\u00f3ximo.<\/p>\n<p><span style=\"font-style: inherit; font-weight: inherit;\">Las charlas ser\u00e1n ofrecidas a los deportistas que est\u00e1n alojados en el Albergue Ol\u00edmpico, como parte de una serie de actividades para concientizar a todo integrante de la delegaci\u00f3n.<\/span><\/p>\n<p><span style=\"font-style: inherit; font-weight: inherit;\">La Comisi\u00f3n de Seguimiento que integran el licenciado Gilberto Garc\u00eda, secretario general del Comit\u00e9 Ol\u00edmpico Dominicano (COD) y el profesor Nelson Ram\u00edrez, vocal de ese organismo, informaron que para este martes, a las 8:00 de la noche se ofrecer\u00e1 una charla sobre \u201cPrimeros Auxilios\u201d y estar\u00e1 a cargo de especialistas del Centro de Operaciones de Emergencias (COE). La charla ser\u00e1 presentada en el sal\u00f3n de reuniones del segundo nivel del Albergue Ol\u00edmpico.<\/span><\/p>\n<p><span style=\"font-style: inherit; font-weight: inherit;\">El jueves, a las 8:00 de la noche ha sido invitada la conferencista Laura Pineda quien ofrecer\u00e1 una charla de motivaci\u00f3n deportiva, mientras que el martes, 11 de junio la doctora Elsa Guzm\u00e1n, ha sido invitada para hablar sobre dopaje y el jueves, 13 de junio, a la misma hora ser\u00e1 presentada una conferencia sobre \u201cH\u00e1bitos adecuados para el incremento en el rendimiento deportivo\u201d, a cargo de Tony Parra.<\/span><\/p>\n<p><span style=\"font-style: inherit; font-weight: inherit;\">Otros temas que ser\u00e1n abordados durante el mes de junio incluyen oratoria y dominio esc\u00e9nico, prevenci\u00f3n y educaci\u00f3n del dopaje, etiqueta y protocolo, entre otros.<\/span><\/p>\n<p><span style=\"font-style: inherit; font-weight: inherit;\">Cerca de un centenar de atletas est\u00e1n alojados en el Albergue Ol\u00edmpico, los cuales se preparan para su participaci\u00f3n en los pr\u00f3ximo Juegos Panamericanos que tendr\u00e1n lugar en Lima, Per\u00fa, del 26 de julio al 11 de agosto.<\/span><\/p>\n","protected":false},"excerpt":{"rendered":"<p>La primera inicia a las 8:00 de la noche sobre \u201cPrimeros Auxilios\u201d a cargo de especialistas del Centro de Operaciones de Emergencias (COE).<\/p>\n","protected":false},"author":13,"featured_media":54941,"comment_status":"closed","ping_status":"closed","sticky":false,"template":"","format":"standard","meta":[],"categories":[2,60],"tags":[],"acf":[],"_links":{"self":[{"href":"https:\/\/colimdo.org\/wp-api\/wp\/v2\/posts\/54940"}],"collection":[{"href":"https:\/\/colimdo.org\/wp-api\/wp\/v2\/posts"}],"about":[{"href":"https:\/\/colimdo.org\/wp-api\/wp\/v2\/types\/post"}],"author":[{"embeddable":true,"href":"https:\/\/colimdo.org\/wp-api\/wp\/v2\/users\/13"}],"replies":[{"embeddable":true,"href":"https:\/\/colimdo.org\/wp-api\/wp\/v2\/comments?post=54940"}],"version-history":[{"count":1,"href":"https:\/\/colimdo.org\/wp-api\/wp\/v2\/posts\/54940\/revisions"}],"predecessor-version":[{"id":54942,"href":"https:\/\/colimdo.org\/wp-api\/wp\/v2\/posts\/54940\/revisions\/54942"}],"wp:featuredmedia":[{"embeddable":true,"href":"https:\/\/colimdo.org\/wp-api\/wp\/v2\/media\/54941"}],"wp:attachment":[{"href":"https:\/\/colimdo.org\/wp-api\/wp\/v2\/media?parent=54940"}],"wp:term":[{"taxonomy":"category","embeddable":true,"href":"https:\/\/colimdo.org\/wp-api\/wp\/v2\/categories?post=54940"},{"taxonomy":"post_tag","embeddable":true,"href":"https:\/\/colimdo.org\/wp-api\/wp\/v2\/tags?post=54940"}],"curies":[{"name":"wp","href":"https:\/\/api.w.org\/{rel}","templated":true}]}}