{"id":54951,"date":"2019-06-04T00:56:45","date_gmt":"2019-06-04T00:56:45","guid":{"rendered":"https:\/\/colimdo.org\/?p=54951"},"modified":"2019-06-04T00:57:06","modified_gmt":"2019-06-04T00:57:06","slug":"este-martes-sera-la-misa-novenario-fallecimiento-tito-pereyra","status":"publish","type":"post","link":"https:\/\/colimdo.org\/noticias\/este-martes-sera-la-misa-novenario-fallecimiento-tito-pereyra\/","title":{"rendered":"Este martes ser\u00e1 la misa novenario por fallecimiento Tito Pereyra"},"content":{"rendered":"<p>El comit\u00e9 ejecutivo de la Federaci\u00f3n Dominicana de B\u00e9isbol, familiares y amigos del extinto presidente de esa entidad, H\u00e9ctor -Tito- Pereyra, invitan a la misa correspondiente a su novenario que se efectuar\u00e1 este martes, desde las 3:00 de la tarde en la Parroquia San Ram\u00f3n Nonato, en los Cerros de Gurabo, Santiago.<\/p>\n<p>As\u00ed lo inform\u00f3 Juan N\u00fa\u00f1ez, Presidente de FEDOBE, quien expres\u00f3 que luego de la misa habr\u00e1 una visita a la tumba donde desde el pasado domingo 26 de mayo reposan sus restos en el cementerio El Ingenio de Santiago<\/p>\n<p>\u201cIremos al cementerio a presentar el respeto que siempre les dispensamos\u201d, sostuvo N\u00fa\u00f1ez, quien encabezar\u00e1 una ampl\u00eda comisi\u00f3n del b\u00e9isbol que estar\u00e1n presentes en los actos.<\/p>\n<p>Frente a su camposanto, varias de las ligas de b\u00e9isbol de Santiago interpretar\u00e1n algunas de las canciones que en vida eran de la preferencia de Pereyra, cuyo deceso se produjo el jueves 23 de mayo producto de un infarto card\u00edaco. Cuatro d\u00edas despu\u00e9s celebrar\u00eda su natalicio 59.<\/p>\n<p>La familia del b\u00e9isbol en pleno estar\u00e1 presente en los actos relacionados con su novenario, as\u00ed como gran parte de la dirigencia deportiva del pa\u00eds, junto a su familia y amigos.<\/p>\n<p>Su muerte ha sido muy sentida en todas las esferas del deporte, nacional e internacional, as\u00ed como en la\u00a0\u00a0vida p\u00fablica y privada, en la que Pereyra ocup\u00f3 variadas posiciones como un profesional de las finanzas.<\/p>\n<p>Al momento de su deceso, a la presidencia de FEDOBE, entidad que dirigi\u00f3 los \u00faltimos 26 a\u00f1os, tambi\u00e9n era presidente de la Confederaci\u00f3n Panamericana de B\u00e9isbol.<\/p>\n","protected":false},"excerpt":{"rendered":"<p>La homil\u00eda est\u00e1 pautada para llevarse a cabo desde las 3:00 de la tarde en la Parroquia San Ram\u00f3n Nonato, en los Cerros de Gurabo, en Santiago.<\/p>\n","protected":false},"author":13,"featured_media":54952,"comment_status":"closed","ping_status":"closed","sticky":false,"template":"","format":"standard","meta":[],"categories":[2],"tags":[],"acf":[],"_links":{"self":[{"href":"https:\/\/colimdo.org\/wp-api\/wp\/v2\/posts\/54951"}],"collection":[{"href":"https:\/\/colimdo.org\/wp-api\/wp\/v2\/posts"}],"about":[{"href":"https:\/\/colimdo.org\/wp-api\/wp\/v2\/types\/post"}],"author":[{"embeddable":true,"href":"https:\/\/colimdo.org\/wp-api\/wp\/v2\/users\/13"}],"replies":[{"embeddable":true,"href":"https:\/\/colimdo.org\/wp-api\/wp\/v2\/comments?post=54951"}],"version-history":[{"count":1,"href":"https:\/\/colimdo.org\/wp-api\/wp\/v2\/posts\/54951\/revisions"}],"predecessor-version":[{"id":54953,"href":"https:\/\/colimdo.org\/wp-api\/wp\/v2\/posts\/54951\/revisions\/54953"}],"wp:featuredmedia":[{"embeddable":true,"href":"https:\/\/colimdo.org\/wp-api\/wp\/v2\/media\/54952"}],"wp:attachment":[{"href":"https:\/\/colimdo.org\/wp-api\/wp\/v2\/media?parent=54951"}],"wp:term":[{"taxonomy":"category","embeddable":true,"href":"https:\/\/colimdo.org\/wp-api\/wp\/v2\/categories?post=54951"},{"taxonomy":"post_tag","embeddable":true,"href":"https:\/\/colimdo.org\/wp-api\/wp\/v2\/tags?post=54951"}],"curies":[{"name":"wp","href":"https:\/\/api.w.org\/{rel}","templated":true}]}}