{"id":54957,"date":"2019-06-04T02:35:47","date_gmt":"2019-06-04T02:35:47","guid":{"rendered":"https:\/\/colimdo.org\/?p=54957"},"modified":"2019-06-04T02:35:47","modified_gmt":"2019-06-04T02:35:47","slug":"fifa-confirmo-qatar-organizara-mundial-clubes-2019-2020","status":"publish","type":"post","link":"https:\/\/colimdo.org\/noticias\/fifa-confirmo-qatar-organizara-mundial-clubes-2019-2020\/","title":{"rendered":"FIFA confirm\u00f3 que Qatar organizar\u00e1 el Mundial de Clubes en 2019 y 2020"},"content":{"rendered":"<p class=\"canvas-atom canvas-text Mb(1.0em) Mb(0)--sm Mt(0.8em)--sm\">YAHOO. En la tarde del lunes, la FIFA confirm\u00f3 que Qatar ser\u00e1 la sede del Mundial de Clubes en 2019 y 2020. De esta manera, el pa\u00eds asi\u00e1tico tendr\u00e1 una prueba de fuego de cara a lo que ser\u00e1 el Mundial de selecciones que se disputar\u00e1 en 2022.\u200b<\/p>\n<p class=\"canvas-atom canvas-text Mb(1.0em) Mb(0)--sm Mt(0.8em)--sm\">Las pr\u00f3ximas dos ediciones van a contar con siete participantes, la misma cantidad con la que viene jug\u00e1ndose la competencia. Pero, en 2021, ya habr\u00e1 un cambio resonante y se ampliar\u00e1n las plazas para los equipos: 24 van a ser de la partida.<\/p>\n<p class=\"canvas-atom canvas-text Mb(1.0em) Mb(0)--sm Mt(0.8em)--sm\" style=\"margin: 0px 0px 1em; color: #000000; font-family: Georgia, 'Times New Roman', serif; font-size: 18px; font-style: normal; font-variant-ligatures: normal; font-variant-caps: normal; font-weight: 400; letter-spacing: normal; orphans: 2; text-align: start; text-indent: 0px; text-transform: none; white-space: normal; widows: 2; word-spacing: 0px; -webkit-text-stroke-width: 0px; background-color: #ffffff; text-decoration-style: initial; text-decoration-color: initial;\">Hasta el momento, la m\u00e1xima cita a nivel clubes ya cuenta con\u00a0cuatro clasificados: Liverpool -campe\u00f3n de la UEFA Champions League-, Esp\u00e9rance de Tunis -ganador de la Champions africana en medio de un esc\u00e1ndalo-, Rayados de Monterrey -monarca de la Concachampions- e Hiengh\u00e8ne Sport -la sorpresa desde Nueva Caledonia en la Champions de Ocean\u00eda-.<\/p>\n<p class=\"canvas-atom canvas-text Mb(1.0em) Mb(0)--sm Mt(0.8em)--sm\">Todav\u00eda falta definir qui\u00e9n se clasificar\u00e1 a trav\u00e9s de la Copa Libertadores de Am\u00e9rica -cuya final ser\u00e1 en Santigao de Chile el s\u00e1bado 23 de noviembre- y el representante de la Champions de Asia -los partidos de definici\u00f3n ser\u00e1n el 9 y el 24 de noviembre-. Adem\u00e1s, se estima que Al-Sadd ser\u00e1 el representante del pa\u00eds anfitri\u00f3n por ser el \u00faltimo ganador de la liga local.<\/p>\n","protected":false},"excerpt":{"rendered":"<p>Las pr\u00f3ximas dos ediciones van a contar con siete participantes, la misma cantidad con la que viene jug\u00e1ndose la competencia. Pero, en 2021, ya habr\u00e1 un cambio resonante y se ampliar\u00e1n las plazas para los equipos: 24 van a ser de la partida.<\/p>\n","protected":false},"author":16,"featured_media":54958,"comment_status":"closed","ping_status":"closed","sticky":false,"template":"","format":"standard","meta":[],"categories":[2,60],"tags":[],"acf":[],"_links":{"self":[{"href":"https:\/\/colimdo.org\/wp-api\/wp\/v2\/posts\/54957"}],"collection":[{"href":"https:\/\/colimdo.org\/wp-api\/wp\/v2\/posts"}],"about":[{"href":"https:\/\/colimdo.org\/wp-api\/wp\/v2\/types\/post"}],"author":[{"embeddable":true,"href":"https:\/\/colimdo.org\/wp-api\/wp\/v2\/users\/16"}],"replies":[{"embeddable":true,"href":"https:\/\/colimdo.org\/wp-api\/wp\/v2\/comments?post=54957"}],"version-history":[{"count":1,"href":"https:\/\/colimdo.org\/wp-api\/wp\/v2\/posts\/54957\/revisions"}],"predecessor-version":[{"id":54959,"href":"https:\/\/colimdo.org\/wp-api\/wp\/v2\/posts\/54957\/revisions\/54959"}],"wp:featuredmedia":[{"embeddable":true,"href":"https:\/\/colimdo.org\/wp-api\/wp\/v2\/media\/54958"}],"wp:attachment":[{"href":"https:\/\/colimdo.org\/wp-api\/wp\/v2\/media?parent=54957"}],"wp:term":[{"taxonomy":"category","embeddable":true,"href":"https:\/\/colimdo.org\/wp-api\/wp\/v2\/categories?post=54957"},{"taxonomy":"post_tag","embeddable":true,"href":"https:\/\/colimdo.org\/wp-api\/wp\/v2\/tags?post=54957"}],"curies":[{"name":"wp","href":"https:\/\/api.w.org\/{rel}","templated":true}]}}