{"id":54960,"date":"2019-06-04T02:43:42","date_gmt":"2019-06-04T02:43:42","guid":{"rendered":"https:\/\/colimdo.org\/?p=54960"},"modified":"2019-06-04T02:43:42","modified_gmt":"2019-06-04T02:43:42","slug":"una-corte-suiza-ordena-iaaf-suspender-reglas-testosterona","status":"publish","type":"post","link":"https:\/\/colimdo.org\/noticias\/una-corte-suiza-ordena-iaaf-suspender-reglas-testosterona\/","title":{"rendered":"Una corte suiza ordena a IAAF suspender reglas para testosterona"},"content":{"rendered":"<p>AP.- En un triunfo temporal de Caster Semenya en su batalla contra la Asociaci\u00f3n Internacional de Federaciones de Atletismo (IAAF), el Tribunal Supremo de Suiza orden\u00f3 el lunes al organismo rector del atletismo suspender sus normas respecto a los niveles de testosterona.<\/p>\n<p>El fallo, que podr\u00eda ser impugnado por la IAAF, permite de momento a la sudafricana bicampeona ol\u00edmpica competir en los 800 metros, su prueba favorita, sin necesidad de tomar medicamento para reducir su nivel de testosterona.<\/p>\n<p>Los abogados de Semenya indicaron que el Tribunal Supremo tomar\u00e1 su decisi\u00f3n final luego que la IAAF presente sus argumentos a favor de mantener sus normas vigentes. De momento no hay una fecha exacta para esa audiencia, pero podr\u00eda llevarse a cabo este mismo mes, afirm\u00f3 Greg Nott, abogado de la atleta en Sud\u00e1frica.<\/p>\n<p>La suspensi\u00f3n temporal de las reglas ocurre una semana despu\u00e9s de una apelaci\u00f3n de la corredora de 28 a\u00f1os en la que solicit\u00f3 a la corte suprema suiza la eliminaci\u00f3n definitiva de los l\u00edmites impuestos a los niveles de testosterona para atletas que compiten en determinados eventos.<\/p>\n<p>Podr\u00eda pasar un a\u00f1o o m\u00e1s antes que el Tribunal Supremo escuche la apelaci\u00f3n completa sobre la ratificaci\u00f3n de las normas de parte del Tribunal de Arbitraje Deportivo (TAS). Tal apelaci\u00f3n ser\u00e1 atendida por un panel de jueces suizos federales.<\/p>\n<p>\u201cMe siento agradecida con los jueces suizos por esta decisi\u00f3n\u201d, afirm\u00f3 Semenya en un comunicado. \u201cEspero que luego de mi apelaci\u00f3n se me permita correr nuevamente con libertad\u201d.<\/p>\n<p>Dorothee Schramm, la abogada en Suiza que encabeza la apelaci\u00f3n de la atleta sudafricana, dijo que la corte suprema \u201cha otorgado una bien recibida protecci\u00f3n temporal a Caster Semenya\u201d.<\/p>\n<p>\u201cEste es un caso importante que tendr\u00e1 implicaciones fundamentales en los derechos humanos de las mujeres atletas\u201d, subray\u00f3 Schramm.<\/p>\n<p>En caso de que las reglas sobre los niveles de testosterona permanezcan suspendidas, Semenya tendr\u00eda autorizaci\u00f3n para competir en los 800 metros por el resto de la Liga Diamante y, m\u00e1s importante a\u00fan, poder defender su t\u00edtulo en el campeonato mundial en Doha, Catar, en septiembre.<\/p>\n","protected":false},"excerpt":{"rendered":"<p>El fallo, que podr\u00eda ser impugnado por la IAAF, permite de momento a la sudafricana bicampeona ol\u00edmpica competir en los 800 metros, su prueba favorita, sin necesidad de tomar medicamento para reducir su nivel de testosterona.<\/p>\n","protected":false},"author":16,"featured_media":54961,"comment_status":"closed","ping_status":"closed","sticky":false,"template":"","format":"standard","meta":[],"categories":[2,60],"tags":[],"acf":[],"_links":{"self":[{"href":"https:\/\/colimdo.org\/wp-api\/wp\/v2\/posts\/54960"}],"collection":[{"href":"https:\/\/colimdo.org\/wp-api\/wp\/v2\/posts"}],"about":[{"href":"https:\/\/colimdo.org\/wp-api\/wp\/v2\/types\/post"}],"author":[{"embeddable":true,"href":"https:\/\/colimdo.org\/wp-api\/wp\/v2\/users\/16"}],"replies":[{"embeddable":true,"href":"https:\/\/colimdo.org\/wp-api\/wp\/v2\/comments?post=54960"}],"version-history":[{"count":1,"href":"https:\/\/colimdo.org\/wp-api\/wp\/v2\/posts\/54960\/revisions"}],"predecessor-version":[{"id":54962,"href":"https:\/\/colimdo.org\/wp-api\/wp\/v2\/posts\/54960\/revisions\/54962"}],"wp:featuredmedia":[{"embeddable":true,"href":"https:\/\/colimdo.org\/wp-api\/wp\/v2\/media\/54961"}],"wp:attachment":[{"href":"https:\/\/colimdo.org\/wp-api\/wp\/v2\/media?parent=54960"}],"wp:term":[{"taxonomy":"category","embeddable":true,"href":"https:\/\/colimdo.org\/wp-api\/wp\/v2\/categories?post=54960"},{"taxonomy":"post_tag","embeddable":true,"href":"https:\/\/colimdo.org\/wp-api\/wp\/v2\/tags?post=54960"}],"curies":[{"name":"wp","href":"https:\/\/api.w.org\/{rel}","templated":true}]}}