{"id":54993,"date":"2019-06-04T15:00:15","date_gmt":"2019-06-04T15:00:15","guid":{"rendered":"https:\/\/colimdo.org\/?p=54993"},"modified":"2019-06-06T16:09:02","modified_gmt":"2019-06-06T16:09:02","slug":"angel-delgado-siempre-estare-disponible-para-mi-seleccion","status":"publish","type":"post","link":"https:\/\/colimdo.org\/noticias\/angel-delgado-siempre-estare-disponible-para-mi-seleccion\/","title":{"rendered":"\u00c1ngel Delgado: &#8220;siempre estar\u00e9 disponible para mi selecci\u00f3n&#8221;"},"content":{"rendered":"<p>SANTO DOMINGO.- El jugador dominicano de Los \u00c1ngeles Clippers, \u00c1ngel Delgado, anunci\u00f3 tras una publicaci\u00f3n en su cuenta de Instagram su intenci\u00f3n de jugar en la selecci\u00f3n nacional de baloncesto en su pr\u00f3ximo compromiso en el Mundial de China.<\/p>\n<p>Luego de que el Ala p\u00edvot diera a conocer en un Live de la misma red social que no podr\u00eda participar en uno de los m\u00e1s grandes desaf\u00edos del baloncesto dominicano por razones personales.<\/p>\n<p>&#8220;Por esta v\u00eda quiero decirle a mi pa\u00eds que siempre estar\u00e9 disponible, si la salud me lo permite, de jugar con mi selecci\u00f3n nacional&#8221;, dijo Delgado luego de los rumores sobre un posible desencanto con los directivos de la selecci\u00f3n dominicana de baloncesto.<\/p>\n<p>&#8220;En ocasiones existen diferencias entre la parte ejecutiva y los atletas, es algo normal, pero quiero que ustedes sepan que eso nunca ser\u00e1 un obst\u00e1culo para que no me ponga la franela de mi querida Bandera&#8221;, explicaba el quisqueyano luego de las supuestas desavenencias entre los que rigen el conjunto de la Bandera tricolor y el jugador de la NBA.<\/p>\n<p>&nbsp;<\/p>\n<p>&nbsp;<\/p>\n","protected":false},"excerpt":{"rendered":"<p>El jugador de la NBA hech\u00f3 para atr\u00e1s este martes sus declaraciones de que no jugar\u00eda para el pa\u00eds en el mundial de baloncesto que se llevar\u00e1 a cabo en China este a\u00f1o. <\/p>\n","protected":false},"author":19,"featured_media":54996,"comment_status":"closed","ping_status":"closed","sticky":false,"template":"","format":"standard","meta":[],"categories":[2,60],"tags":[],"acf":[],"_links":{"self":[{"href":"https:\/\/colimdo.org\/wp-api\/wp\/v2\/posts\/54993"}],"collection":[{"href":"https:\/\/colimdo.org\/wp-api\/wp\/v2\/posts"}],"about":[{"href":"https:\/\/colimdo.org\/wp-api\/wp\/v2\/types\/post"}],"author":[{"embeddable":true,"href":"https:\/\/colimdo.org\/wp-api\/wp\/v2\/users\/19"}],"replies":[{"embeddable":true,"href":"https:\/\/colimdo.org\/wp-api\/wp\/v2\/comments?post=54993"}],"version-history":[{"count":5,"href":"https:\/\/colimdo.org\/wp-api\/wp\/v2\/posts\/54993\/revisions"}],"predecessor-version":[{"id":54995,"href":"https:\/\/colimdo.org\/wp-api\/wp\/v2\/posts\/54993\/revisions\/54995"}],"wp:featuredmedia":[{"embeddable":true,"href":"https:\/\/colimdo.org\/wp-api\/wp\/v2\/media\/54996"}],"wp:attachment":[{"href":"https:\/\/colimdo.org\/wp-api\/wp\/v2\/media?parent=54993"}],"wp:term":[{"taxonomy":"category","embeddable":true,"href":"https:\/\/colimdo.org\/wp-api\/wp\/v2\/categories?post=54993"},{"taxonomy":"post_tag","embeddable":true,"href":"https:\/\/colimdo.org\/wp-api\/wp\/v2\/tags?post=54993"}],"curies":[{"name":"wp","href":"https:\/\/api.w.org\/{rel}","templated":true}]}}