{"id":55003,"date":"2019-06-04T16:32:31","date_gmt":"2019-06-04T16:32:31","guid":{"rendered":"https:\/\/colimdo.org\/?p=55003"},"modified":"2019-06-04T16:33:52","modified_gmt":"2019-06-04T16:33:52","slug":"rafael-nadal-no-jugara-mas-la-cancha-del-roland-garros-donde-debuto-2005","status":"publish","type":"post","link":"https:\/\/colimdo.org\/noticias\/rafael-nadal-no-jugara-mas-la-cancha-del-roland-garros-donde-debuto-2005\/","title":{"rendered":"Rafael Nadal no jugar\u00e1 m\u00e1s en la cancha del Roland Garros donde debut\u00f3 en el 2005"},"content":{"rendered":"<p>AFP.-\u00a0La emblem\u00e1tica pista n\u00famero 1 de Roland Garros, en la que Rafael Nadal debut\u00f3 en 2005 en el inicio del camino hacia su primer t\u00edtulo en Par\u00eds, ver\u00e1 sus \u00faltimos partidos el mi\u00e9rcoles, antes de ser derruida para ampliar la Plaza de los Mosqueteros, uno de los corazones de las instalaciones.<\/p>\n<p>Una de las peculiaridades de esta pista es su forma circular, que le hizo ganarse el apodo de \u2018Plaza de Toros\u2019. Y durante un tiempo fue la segunda pista en capacidad del complejo parisino.<\/p>\n<p>Este a\u00f1o, la pista n\u00famero 1, sin nombre, ha pasado de ser la tercera en capacidad a la cuarta, justo en el a\u00f1o en el que se despide del torneo. Ello le ha dejado un papel secundario durante el torneo.<\/p>\n<p>El motivo es el estreno de la pista Simonne Mathieu en este 2019, con capacidad para 5.290 espectadores, mientras que la pista n\u00famero 1 tiene 3.802.<\/p>\n<p>Ambas muy lejos de las dos principales pistas, la Philippe Chatrier (14.962 plazas) y la Suzanne Lenglen (9.829).<\/p>\n<p>En 2005, un joven Nadal, con 18 a\u00f1os, se estren\u00f3 en el cuadro principal de Roland Garros en esa pista n\u00famero 1, con un partido que gan\u00f3 ante el alem\u00e1n Lars Burgsm\u00fcller. Fue el primer paso hacia su primera corona en Par\u00eds, que logr\u00f3 dos semanas despu\u00e9s contra el argentino Mariano Puerta.<\/p>\n<p>En declaraciones al diario L\u2019\u00c9quipe, Nadal dijo que le gustar\u00eda conservar una piedra de esa pista como recuerdo.<\/p>\n<p>La pista n\u00famero 1 tambi\u00e9n vio la eclosi\u00f3n del brasile\u00f1o Gustavo Kuerten, futuro tres veces campe\u00f3n de Roland Garros, en 1997 contra el austr\u00edaco Thomas Muster.<\/p>\n<p>Otra imagen para la historia en esa pista es la celebraci\u00f3n del ruso Marat Safin bajando su pantal\u00f3n en 2004 tras haber ganado un punto en una \u00e9pica victoria ante el espa\u00f1ol F\u00e9lix Mantilla. Una acci\u00f3n que divirti\u00f3 al p\u00fablico y a los telespectadores, pero no tanto al \u00e1rbitro&#8230;<\/p>\n<p>Inaugurada en 1980, tras casi cuatro d\u00e9cadas se despide del torneo y en 2020 los visitantes ver\u00e1n una gran explanada en su ubicaci\u00f3n actual, justo al lado de la pista central.<\/p>\n<p>La despedida de la pista n\u00famero 1 no ser\u00e1 con ning\u00fan gran partido de los cuadros principales de Roland Garros, sino con los torneos que se disputan de forma paralela, entre ellos el Trofeo de Leyendas, con exestrellas del tenis en acci\u00f3n.<\/p>\n","protected":false},"excerpt":{"rendered":"<p>En 2005, Nadal, con 18 a\u00f1os, se estren\u00f3 en el cuadro principal de Roland Garros en esa pista, con un partido que gan\u00f3 ante el alem\u00e1n Lars Burgsm\u00fcller.<\/p>\n","protected":false},"author":19,"featured_media":55005,"comment_status":"closed","ping_status":"closed","sticky":false,"template":"","format":"standard","meta":[],"categories":[2,60],"tags":[],"acf":[],"_links":{"self":[{"href":"https:\/\/colimdo.org\/wp-api\/wp\/v2\/posts\/55003"}],"collection":[{"href":"https:\/\/colimdo.org\/wp-api\/wp\/v2\/posts"}],"about":[{"href":"https:\/\/colimdo.org\/wp-api\/wp\/v2\/types\/post"}],"author":[{"embeddable":true,"href":"https:\/\/colimdo.org\/wp-api\/wp\/v2\/users\/19"}],"replies":[{"embeddable":true,"href":"https:\/\/colimdo.org\/wp-api\/wp\/v2\/comments?post=55003"}],"version-history":[{"count":1,"href":"https:\/\/colimdo.org\/wp-api\/wp\/v2\/posts\/55003\/revisions"}],"predecessor-version":[{"id":55004,"href":"https:\/\/colimdo.org\/wp-api\/wp\/v2\/posts\/55003\/revisions\/55004"}],"wp:featuredmedia":[{"embeddable":true,"href":"https:\/\/colimdo.org\/wp-api\/wp\/v2\/media\/55005"}],"wp:attachment":[{"href":"https:\/\/colimdo.org\/wp-api\/wp\/v2\/media?parent=55003"}],"wp:term":[{"taxonomy":"category","embeddable":true,"href":"https:\/\/colimdo.org\/wp-api\/wp\/v2\/categories?post=55003"},{"taxonomy":"post_tag","embeddable":true,"href":"https:\/\/colimdo.org\/wp-api\/wp\/v2\/tags?post=55003"}],"curies":[{"name":"wp","href":"https:\/\/api.w.org\/{rel}","templated":true}]}}