{"id":55024,"date":"2019-06-04T18:27:08","date_gmt":"2019-06-04T18:27:08","guid":{"rendered":"https:\/\/colimdo.org\/?p=55024"},"modified":"2019-06-04T18:27:15","modified_gmt":"2019-06-04T18:27:15","slug":"juan-vila-reelecto-presidente-union-latinoamericana-tenis-mesa","status":"publish","type":"post","link":"https:\/\/colimdo.org\/noticias\/juan-vila-reelecto-presidente-union-latinoamericana-tenis-mesa\/","title":{"rendered":"Juan Vila, reelecto presidente Uni\u00f3n Latinoamericana Tenis Mesa"},"content":{"rendered":"<p><strong>SANTO DOMINGO<\/strong>. El licenciado Juan Vila Reynoso fue electo para un nuevo per\u00edodo como presidente de la Uni\u00f3n Latinoamericana de Tenis de Mesa (ULTM) durante la asamblea anual eleccionaria celebrada en el fin de semana en Guatemala.<\/p>\n<p>Vila Reynoso, quien tambi\u00e9n es presidente de la Federaci\u00f3n Dominicana de Tenis de Mesa (Fedoteme), encabeza la nueva junta directiva\u00a0que dirigir\u00e1 el tenis de mesa en la regi\u00f3n latina por los pr\u00f3ximos cuatro a\u00f1os.<\/p>\n<p>Junto a Vila, tambi\u00e9n qued\u00f3 electo el se\u00f1or Pedro Uribe,\u00a0de\u00a0Colombia,\u00a0como presidente adjunto de la ULTM.<\/p>\n<p>\u201cLa asamblea fue una oportunidad para que cada uno de los participantes pudiera comunicarse en libertad. Fue una verdadera expresi\u00f3n de democracia, donde la familia del Tenis de Mesa de Latinoam\u00e9rica sali\u00f3 fortalecida\u201d\u00a0expres\u00f3 el licenciado Vila.<\/p>\n<p>Para este per\u00edodo se cuatro a\u00f1os, se ratificaron a algunos miembros del comit\u00e9 ejecutivo, y se anunci\u00f3 al ingeniero Paul Calle, de Ecuador, como nuevo tesorero de la ULTM, despu\u00e9s de la renuncia del se\u00f1or Jorge Herrera, quien ahora se desempe\u00f1a como Director Regional de la ULTM por la Federaci\u00f3n Internacional de Tenis de Mesa (ITTF).<\/p>\n<p>El encuentro dio inicio con la recepci\u00f3n a los presidentes y delegados de los pa\u00edses Latinoamericanos que se dieron cita en la Ciudad de Guatemala para celebrar la asamblea en el marco del Campeonato Latinoamericano de Mayores 2019.<\/p>\n<p>Posteriormente se procedi\u00f3 a realizar la aprobaci\u00f3n de los informes del a\u00f1o 2018, para luego dar espacio a las postulaciones y elecciones de sedes para los cuatro eventos latinoamericanos en el 2020.<\/p>\n<p>El Campeonato Latinoamericano U-11 y U-13 tendr\u00e1 lugar en Cuenca, Ecuador, al igual que el reciente Campeonato Sudamericano en las mismas categor\u00edas.<\/p>\n<p>El evento U-15 estar\u00e1 a cargo de Santo Domingo, Rep\u00fablica Dominicana; el Master tendr\u00e1 como anfitriones a San Jos\u00e9, Costa Rica, y el de Mayores tendr\u00e1 lugar en la ciudad de Lima, Per\u00fa, pa\u00eds que tambi\u00e9n ser\u00e1 sede del Pre-Ol\u00edmpico por Equipos rumbo a Tokio 2020.<\/p>\n","protected":false},"excerpt":{"rendered":"<p>El dirigente deportivo dominicano encabeza el nuevo comit\u00e9 ejecutivo de la Uni\u00f3n Latinoamericana de Tenis de Mesa por los pr\u00f3ximos cuatro a\u00f1os.<\/p>\n","protected":false},"author":13,"featured_media":55025,"comment_status":"closed","ping_status":"closed","sticky":false,"template":"","format":"standard","meta":[],"categories":[2,60],"tags":[],"acf":[],"_links":{"self":[{"href":"https:\/\/colimdo.org\/wp-api\/wp\/v2\/posts\/55024"}],"collection":[{"href":"https:\/\/colimdo.org\/wp-api\/wp\/v2\/posts"}],"about":[{"href":"https:\/\/colimdo.org\/wp-api\/wp\/v2\/types\/post"}],"author":[{"embeddable":true,"href":"https:\/\/colimdo.org\/wp-api\/wp\/v2\/users\/13"}],"replies":[{"embeddable":true,"href":"https:\/\/colimdo.org\/wp-api\/wp\/v2\/comments?post=55024"}],"version-history":[{"count":1,"href":"https:\/\/colimdo.org\/wp-api\/wp\/v2\/posts\/55024\/revisions"}],"predecessor-version":[{"id":55026,"href":"https:\/\/colimdo.org\/wp-api\/wp\/v2\/posts\/55024\/revisions\/55026"}],"wp:featuredmedia":[{"embeddable":true,"href":"https:\/\/colimdo.org\/wp-api\/wp\/v2\/media\/55025"}],"wp:attachment":[{"href":"https:\/\/colimdo.org\/wp-api\/wp\/v2\/media?parent=55024"}],"wp:term":[{"taxonomy":"category","embeddable":true,"href":"https:\/\/colimdo.org\/wp-api\/wp\/v2\/categories?post=55024"},{"taxonomy":"post_tag","embeddable":true,"href":"https:\/\/colimdo.org\/wp-api\/wp\/v2\/tags?post=55024"}],"curies":[{"name":"wp","href":"https:\/\/api.w.org\/{rel}","templated":true}]}}