{"id":55027,"date":"2019-06-04T23:13:55","date_gmt":"2019-06-04T23:13:55","guid":{"rendered":"https:\/\/colimdo.org\/?p=55027"},"modified":"2019-06-04T23:14:04","modified_gmt":"2019-06-04T23:14:04","slug":"comite-ejecutivo-cod-asiste-misa-novenario-hector-tito-pereyra","status":"publish","type":"post","link":"https:\/\/colimdo.org\/noticias\/comite-ejecutivo-cod-asiste-misa-novenario-hector-tito-pereyra\/","title":{"rendered":"Comit\u00e9 Ejecutivo COD asiste a misa novenario de H\u00e9ctor-Tito- Pereyra"},"content":{"rendered":"<p><strong>SANTO DOMINGO.<\/strong> El Comit\u00e9 Ejecutivo del Comit\u00e9 Ol\u00edmpico Dominicano (COD), asisti\u00f3 a la misa del novenario del fallecido presidente de la Federaci\u00f3n Dominicana de B\u00e9isbol, (FEDOBE), H\u00e9ctor -Tito- Pereyra, efectuada este martes en la Parroquia San Ram\u00f3n Nonato, en los Cerros de Gurabo, Santiago.<\/p>\n<p>Luis Mej\u00eda Oviedo, presidente del COD, encabez\u00f3 la comitiva que fue a mostrar sus respetos en el novenario de Pereyra, quien falleci\u00f3 de un infarto el pasado 23 de mayo y quien recibi\u00f3 el \u00faltimo adi\u00f3s por parte de familiares y amigos este martes.<\/p>\n<p>Antonio Acosta, Gilberto Garc\u00eda, Rafael Suero Correa, Nelson Ram\u00edrez, Luis Chanlatte, Edwin Rodr\u00edguez, Rafael Uribe y Rafael Villalona, miembros del Comit\u00e9 Ejecutivo del COD que estuvieron presentes en la misa novenar\u00eda de Pereyra.<\/p>\n<p>En el auspicio el Comit\u00e9 Ejecutivo de la Federaci\u00f3n Dominicana de B\u00e9isbol, entreg\u00f3 a una camiseta y la bandera de la federaci\u00f3n a la esposa de Pereyra, Vivian N\u00fa\u00f1ez, quien estuvo acompa\u00f1ada de la madre del fallecido hombre del deporte, Thelma Checo, as\u00ed como por sus hijos, Pamela, Dzoara, Paula, Paola, H\u00e9ctor, Camila, Maycol y Jorielis.<\/p>\n<p>En las palabras de agradecimientos dadas en nombre de la Familia, por \u00a0Pamela y Dzoara Pereyra N\u00fa\u00f1ez, hijas de Tito, destacaron la calidad humana de su padre, a quien definieron como un hombre del deporte, el arte y un amante de las buenas costumbres dominicanas.<\/p>\n<p>\u201cSu familia y amigos complementaban su vida\u201d, concluyeron las hijas de quien en vida fue presidente de la Fedobe.<\/p>\n","protected":false},"excerpt":{"rendered":"<p>La homil\u00eda se llev\u00f3 a cabo este martes en la Parroquia San Ram\u00f3n Nonato, en los Cerros de Gurabo, Santiago.<\/p>\n","protected":false},"author":13,"featured_media":55028,"comment_status":"closed","ping_status":"closed","sticky":false,"template":"","format":"standard","meta":[],"categories":[2,60],"tags":[],"acf":[],"_links":{"self":[{"href":"https:\/\/colimdo.org\/wp-api\/wp\/v2\/posts\/55027"}],"collection":[{"href":"https:\/\/colimdo.org\/wp-api\/wp\/v2\/posts"}],"about":[{"href":"https:\/\/colimdo.org\/wp-api\/wp\/v2\/types\/post"}],"author":[{"embeddable":true,"href":"https:\/\/colimdo.org\/wp-api\/wp\/v2\/users\/13"}],"replies":[{"embeddable":true,"href":"https:\/\/colimdo.org\/wp-api\/wp\/v2\/comments?post=55027"}],"version-history":[{"count":1,"href":"https:\/\/colimdo.org\/wp-api\/wp\/v2\/posts\/55027\/revisions"}],"predecessor-version":[{"id":55029,"href":"https:\/\/colimdo.org\/wp-api\/wp\/v2\/posts\/55027\/revisions\/55029"}],"wp:featuredmedia":[{"embeddable":true,"href":"https:\/\/colimdo.org\/wp-api\/wp\/v2\/media\/55028"}],"wp:attachment":[{"href":"https:\/\/colimdo.org\/wp-api\/wp\/v2\/media?parent=55027"}],"wp:term":[{"taxonomy":"category","embeddable":true,"href":"https:\/\/colimdo.org\/wp-api\/wp\/v2\/categories?post=55027"},{"taxonomy":"post_tag","embeddable":true,"href":"https:\/\/colimdo.org\/wp-api\/wp\/v2\/tags?post=55027"}],"curies":[{"name":"wp","href":"https:\/\/api.w.org\/{rel}","templated":true}]}}