{"id":55052,"date":"2019-06-05T02:57:25","date_gmt":"2019-06-05T02:57:25","guid":{"rendered":"https:\/\/colimdo.org\/?p=55052"},"modified":"2019-06-05T02:57:25","modified_gmt":"2019-06-05T02:57:25","slug":"seleccion-dominicana-futbol-enfrentara-cuba","status":"publish","type":"post","link":"https:\/\/colimdo.org\/noticias\/seleccion-dominicana-futbol-enfrentara-cuba\/","title":{"rendered":"Selecci\u00f3n Dominicana de F\u00fatbol enfrentar\u00e1 a Cuba"},"content":{"rendered":"<p class=\"x_MsoNormal\">SANTO DOMINGO.- La Selecci\u00f3n Dominicana de F\u00fatbol enfrentar\u00e1 a su similar de Cuba en dos partidos amistosos a celebrarse este viernes 7 y el lunes 10 en el Estadio Ol\u00edmpico F\u00e9lix S\u00e1nchez. Ambos juegos iniciar\u00e1n a las 7:00 de la noche.<\/p>\n<p class=\"x_MsoNormal\">Estos amistosos marcar\u00e1n el debut del David Gonz\u00e1lez como director t\u00e9cnico de la selecci\u00f3n Sub-23. La entrada general ser\u00e1 de 100 pesos, a beneficio de la Fundaci\u00f3n ST. Jude.<\/p>\n<p class=\"x_MsoNormal\">El conjunto cubano estaba programado para llegar al pa\u00eds en la noche del martes con los \u00e1nimos en brindar un espect\u00e1culo agradable a la fanaticada dominicana y con el objetivo de prepararse para La Copa Oro de CONCACAF.<\/p>\n<p class=\"x_MsoNormal\">De su lado, Gonz\u00e1lez ha estado trabajando con el equipo de la categor\u00eda Sub-23 que se prepara para el Preol\u00edmpico de la categor\u00eda a celebrarse en el mes de julio.<\/p>\n<p class=\"x_MsoNormal\">Gonz\u00e1lez posee experiencia en el \u00e1rea de formaci\u00f3n futbol\u00edstica en varias academias de Espa\u00f1a y en el pa\u00eds con la academia del Real Madrid.<\/p>\n<p class=\"x_MsoNormal\">Gonz\u00e1lez cuenta con una s\u00f3lida formaci\u00f3n futbol\u00edstica que buscar\u00e1 poner a prueba por primera vez como cabeza de una selecci\u00f3n nacional.<\/p>\n<p class=\"x_MsoNormal\">El partido del Lunes 10 estar\u00e1 encabezado por el Ministro de deportes Danilo D\u00edaz as\u00ed como por los miembros de la Comisi\u00f3n Normalizadora de FEDOFUTBOL\u00a0 y los representantes de la Fundaci\u00f3n St. Jude<\/p>\n<p>&nbsp;<\/p>\n","protected":false},"excerpt":{"rendered":"<p>Partidos ser\u00e1n este viernes 7 y lunes 10 en el Estadio Ol\u00edmpico<\/p>\n","protected":false},"author":16,"featured_media":55053,"comment_status":"closed","ping_status":"closed","sticky":false,"template":"","format":"standard","meta":[],"categories":[2,60],"tags":[],"acf":[],"_links":{"self":[{"href":"https:\/\/colimdo.org\/wp-api\/wp\/v2\/posts\/55052"}],"collection":[{"href":"https:\/\/colimdo.org\/wp-api\/wp\/v2\/posts"}],"about":[{"href":"https:\/\/colimdo.org\/wp-api\/wp\/v2\/types\/post"}],"author":[{"embeddable":true,"href":"https:\/\/colimdo.org\/wp-api\/wp\/v2\/users\/16"}],"replies":[{"embeddable":true,"href":"https:\/\/colimdo.org\/wp-api\/wp\/v2\/comments?post=55052"}],"version-history":[{"count":1,"href":"https:\/\/colimdo.org\/wp-api\/wp\/v2\/posts\/55052\/revisions"}],"predecessor-version":[{"id":55054,"href":"https:\/\/colimdo.org\/wp-api\/wp\/v2\/posts\/55052\/revisions\/55054"}],"wp:featuredmedia":[{"embeddable":true,"href":"https:\/\/colimdo.org\/wp-api\/wp\/v2\/media\/55053"}],"wp:attachment":[{"href":"https:\/\/colimdo.org\/wp-api\/wp\/v2\/media?parent=55052"}],"wp:term":[{"taxonomy":"category","embeddable":true,"href":"https:\/\/colimdo.org\/wp-api\/wp\/v2\/categories?post=55052"},{"taxonomy":"post_tag","embeddable":true,"href":"https:\/\/colimdo.org\/wp-api\/wp\/v2\/tags?post=55052"}],"curies":[{"name":"wp","href":"https:\/\/api.w.org\/{rel}","templated":true}]}}