{"id":55075,"date":"2019-06-05T16:11:49","date_gmt":"2019-06-05T16:11:49","guid":{"rendered":"https:\/\/colimdo.org\/?p=55075"},"modified":"2019-06-05T16:12:00","modified_gmt":"2019-06-05T16:12:00","slug":"cod-cita-aportes-al-celebrarse-dia-mundial-del-medio-ambiente","status":"publish","type":"post","link":"https:\/\/colimdo.org\/noticias\/cod-cita-aportes-al-celebrarse-dia-mundial-del-medio-ambiente\/","title":{"rendered":"COD cita aportes al celebrarse D\u00eda Mundial del Medio Ambiente"},"content":{"rendered":"<p><strong>SANTO DOMINGO<\/strong>. El Comit\u00e9 Ol\u00edmpico Dominicano (COD), a trav\u00e9s de la Comisi\u00f3n Medio Ambiente y Deporte, ha venido dando pasos certeros en la lucha contra la contaminaci\u00f3n y la preservaci\u00f3n ambiental.<\/p>\n<p>A trav\u00e9s de una nota informativa, el COD emiti\u00f3 su consideraci\u00f3n al celebrarse el mi\u00e9rcoles el D\u00eda Mundial del Medio Ambiente.<\/p>\n<p>\u201cEl COD y la Comisi\u00f3n Ambiental han dado pasos certeros con la inclusi\u00f3n de las poblaciones a todos los niveles en la siembra de \u00e1rboles en cada celebraci\u00f3n de la Semana Ol\u00edmpica\u201d, asegura el organismo.<\/p>\n<p>La Comisi\u00f3n Medio Ambiente y Deporte del COD, que dirige la licenciada Felicita Heredia, se\u00f1al\u00f3 que el D\u00eda Mundial del Medio Ambiente es propicio para que todos se apropien de la naturaleza que les rodea y que se participe activamente en la protecci\u00f3n de la tierra.<\/p>\n<p>\u201cSomos pioneros en la inclusi\u00f3n en los programas de conservaci\u00f3n. Nuestras acciones as\u00ed lo demuestran, con los bosques sembrados y la participaci\u00f3n activa de los atletas y dirigentes\u201d, indica la nota.<\/p>\n<p>La Comisi\u00f3n Medio Ambiente y Deporte del COD hizo un llamado a los atletas, dirigentes, entrenadores y empleados a unirse y continuar desde cualquier escenario a garantizar el aire, el agua limpia y la conservaci\u00f3n de la biodiversidad a nivel general.<\/p>\n<p>La celebraci\u00f3n del D\u00eda Mundial del Medio Ambiente, el 5 de junio, est\u00e1 dedicada a la lucha contra la contaminaci\u00f3n del aire.<\/p>\n<p>En este d\u00eda se insta a los Gobiernos e instituciones privadas a disminuir el vertido de gases y otras sustancias al aire, a fin de poder prolongar la vida en la tierra y conservar la biodiversidad en todas sus manifestaciones.<\/p>\n","protected":false},"excerpt":{"rendered":"<p>A trav\u00e9s de la comisi\u00f3n Medio Ambiente y Deporte, el organismo se\u00f1ala que ha venido dando pasos certeros en la lucha contra la contaminaci\u00f3n ambiental.<\/p>\n","protected":false},"author":13,"featured_media":55076,"comment_status":"closed","ping_status":"closed","sticky":false,"template":"","format":"standard","meta":[],"categories":[2,60],"tags":[],"acf":[],"_links":{"self":[{"href":"https:\/\/colimdo.org\/wp-api\/wp\/v2\/posts\/55075"}],"collection":[{"href":"https:\/\/colimdo.org\/wp-api\/wp\/v2\/posts"}],"about":[{"href":"https:\/\/colimdo.org\/wp-api\/wp\/v2\/types\/post"}],"author":[{"embeddable":true,"href":"https:\/\/colimdo.org\/wp-api\/wp\/v2\/users\/13"}],"replies":[{"embeddable":true,"href":"https:\/\/colimdo.org\/wp-api\/wp\/v2\/comments?post=55075"}],"version-history":[{"count":1,"href":"https:\/\/colimdo.org\/wp-api\/wp\/v2\/posts\/55075\/revisions"}],"predecessor-version":[{"id":55077,"href":"https:\/\/colimdo.org\/wp-api\/wp\/v2\/posts\/55075\/revisions\/55077"}],"wp:featuredmedia":[{"embeddable":true,"href":"https:\/\/colimdo.org\/wp-api\/wp\/v2\/media\/55076"}],"wp:attachment":[{"href":"https:\/\/colimdo.org\/wp-api\/wp\/v2\/media?parent=55075"}],"wp:term":[{"taxonomy":"category","embeddable":true,"href":"https:\/\/colimdo.org\/wp-api\/wp\/v2\/categories?post=55075"},{"taxonomy":"post_tag","embeddable":true,"href":"https:\/\/colimdo.org\/wp-api\/wp\/v2\/tags?post=55075"}],"curies":[{"name":"wp","href":"https:\/\/api.w.org\/{rel}","templated":true}]}}