{"id":55078,"date":"2019-06-05T16:28:42","date_gmt":"2019-06-05T16:28:42","guid":{"rendered":"https:\/\/colimdo.org\/?p=55078"},"modified":"2019-06-05T16:28:55","modified_gmt":"2019-06-05T16:28:55","slug":"coe-ofrece-taller-primeros-auxilios-atletas-albergue-olimpico","status":"publish","type":"post","link":"https:\/\/colimdo.org\/noticias\/coe-ofrece-taller-primeros-auxilios-atletas-albergue-olimpico\/","title":{"rendered":"COE ofrece taller primeros auxilios a atletas Albergue Ol\u00edmpico"},"content":{"rendered":"<p><strong>SANTO DOMINGO<\/strong>.- El Comit\u00e9 de Operaciones de Emergencias (COE) ofreci\u00f3 la noche del martes un taller de primeros auxilios a atletas y entrenadores que est\u00e1n alojados en el Albergue Ol\u00edmpico.<\/p>\n<p><span style=\"font-style: inherit; font-weight: inherit;\">La charla a los deportistas que se preparan para\u00a0 asistir a los XVIII Juegos Panamericanos de Lima fue ofrecida por el coronel del Cuerpo de Bomberos de Santo Domingo, Alejandro Terrero, un t\u00e9cnico especializado en emergencias m\u00e9dicas.<\/span><\/p>\n<p><span style=\"font-style: inherit; font-weight: inherit;\">Terrero habl\u00f3 por un buen tiempo a los deportistas sobre la manera de proceder en caso de emergencia con una persona en lo que llega la ayuda de especialistas. Entre esas explicaciones incluy\u00f3 la t\u00e9cnica de c\u00f3mo proceder para dar asistencia de resucitaci\u00f3n y cualquier otro incidente.<\/span><\/p>\n<p><span style=\"font-style: inherit; font-weight: inherit;\">La charla incluy\u00f3 pr\u00e1cticas mediante simulacros con una persona con atragantamiento por alimentos o cuando una persona tiene un incidente y pierde el conocimiento. Se utilizaron camillas, camarillas y otros artefactos.<\/span><\/p>\n<p><span style=\"font-style: inherit; font-weight: inherit;\">La charla que se desarroll\u00f3 por m\u00e1s de una hora en el sal\u00f3n de actos del Albergue Ol\u00edmpico es la primera de una serie de talleres que se estar\u00e1n ofreciendo a los deportistas que se preparan para asistir a los Juegos Panamericanos de Lima.<\/span><\/p>\n<p><span style=\"font-style: inherit; font-weight: inherit;\">La coordinaci\u00f3n de estos talleres est\u00e1 a cargo de la ex atleta ol\u00edmpica Mar\u00eda Garc\u00eda, enlace entre los deportistas y el Ministerio de Deporte y cuenta con el respaldo del organismo deportivo oficial y Franklin N\u00fa\u00f1ez, de la Direcci\u00f3n t\u00e9cnica del Comit\u00e9 Ol\u00edmpico Dominicano.<\/span><\/p>\n<p><span style=\"font-style: inherit; font-weight: inherit;\">En la charla tambi\u00e9n estuvieron presentes el ingeniero Garibaldy Bautista, Jefe de Misi\u00f3n Lima 2019; Tony Mesa, director t\u00e9cnica del Miderec, as\u00ed como Caonabo Castro, Administrador del Albergue Ol\u00edmpica y Juan Antonio Febles Dalmas\u00ed, Director T\u00e9cnico del COD.<\/span><\/p>\n<p><span style=\"font-style: inherit; font-weight: inherit;\">La pr\u00f3xima charla ser\u00e1 ofrecida este jueves y se tratar\u00e1 el tema \u201cMotivaci\u00f3n Deportiva\u201d y ser\u00e1 dictada por Laura Pineda.<\/span><\/p>\n","protected":false},"excerpt":{"rendered":"<p>La nutrida actividad se llev\u00f3 a cabo el martes dirigido a los atletas y entrenadores que est\u00e1n alojados en el Albergue Ol\u00edmpico.<\/p>\n","protected":false},"author":13,"featured_media":55079,"comment_status":"closed","ping_status":"closed","sticky":false,"template":"","format":"standard","meta":[],"categories":[2,60],"tags":[],"acf":[],"_links":{"self":[{"href":"https:\/\/colimdo.org\/wp-api\/wp\/v2\/posts\/55078"}],"collection":[{"href":"https:\/\/colimdo.org\/wp-api\/wp\/v2\/posts"}],"about":[{"href":"https:\/\/colimdo.org\/wp-api\/wp\/v2\/types\/post"}],"author":[{"embeddable":true,"href":"https:\/\/colimdo.org\/wp-api\/wp\/v2\/users\/13"}],"replies":[{"embeddable":true,"href":"https:\/\/colimdo.org\/wp-api\/wp\/v2\/comments?post=55078"}],"version-history":[{"count":1,"href":"https:\/\/colimdo.org\/wp-api\/wp\/v2\/posts\/55078\/revisions"}],"predecessor-version":[{"id":55080,"href":"https:\/\/colimdo.org\/wp-api\/wp\/v2\/posts\/55078\/revisions\/55080"}],"wp:featuredmedia":[{"embeddable":true,"href":"https:\/\/colimdo.org\/wp-api\/wp\/v2\/media\/55079"}],"wp:attachment":[{"href":"https:\/\/colimdo.org\/wp-api\/wp\/v2\/media?parent=55078"}],"wp:term":[{"taxonomy":"category","embeddable":true,"href":"https:\/\/colimdo.org\/wp-api\/wp\/v2\/categories?post=55078"},{"taxonomy":"post_tag","embeddable":true,"href":"https:\/\/colimdo.org\/wp-api\/wp\/v2\/tags?post=55078"}],"curies":[{"name":"wp","href":"https:\/\/api.w.org\/{rel}","templated":true}]}}