{"id":55094,"date":"2019-06-05T22:57:54","date_gmt":"2019-06-05T22:57:54","guid":{"rendered":"https:\/\/colimdo.org\/?p=55094"},"modified":"2019-06-05T22:58:00","modified_gmt":"2019-06-05T22:58:00","slug":"entrenador-david-gonzalez-cuba-buen-rival-evaluarnos","status":"publish","type":"post","link":"https:\/\/colimdo.org\/noticias\/entrenador-david-gonzalez-cuba-buen-rival-evaluarnos\/","title":{"rendered":"Entrenador David Gonz\u00e1lez: \u201cCuba es buen rival para evaluarnos\u201d"},"content":{"rendered":"<p>Aprendizaje. As\u00ed define David Gonz\u00e1lez los fogueos de la Selecci\u00f3n Nacional de F\u00fatbol Sub-23 ante la selecci\u00f3n absoluta de Cuba.<\/p>\n<p>El director t\u00e9cnico habl\u00f3 en esos t\u00e9rminos al final de un partido de pr\u00e1ctica celebrado el mi\u00e9rcoles ante el conjunto de la Universidad O&amp;M.<\/p>\n<p>\u201cEsperamos un partido duro. Cuba es una piedra muy fuerte, buen rival para evaluarnos. Mientras m\u00e1s fuerte es el rival, m\u00e1s errores y m\u00e1s aprendizaje\u201d, expres\u00f3 Gonz\u00e1lez.<\/p>\n<p>La Selecci\u00f3n Dominicana de F\u00fatbol Sub-23 enfrentar\u00e1 a la absoluta de Cuba en dos partidos amistosos a celebrarse este viernes 7 y el lunes 10 en el estadio Ol\u00edmpico F\u00e9lix S\u00e1nchez. Ambos juegos iniciar\u00e1n a las 7:00 de la noche.<br \/>\nEstos amistosos marcar\u00e1n el debut de Gonz\u00e1lez como director t\u00e9cnico de las selecciones sub-23 y absoluta. La entrada general ser\u00e1 de 100 pesos, a beneficio de la Fundaci\u00f3n ST. Jude.<\/p>\n<p>El equipo Sub-23 dominicano se prepara para el Preol\u00edmpico de la categor\u00eda a celebrarse en el mes de julio, mientras que el conjunto cubano se prepara para su participaci\u00f3n en la Copa Oro.<\/p>\n<p>\u201cEstamos tratando de acoplar la selecci\u00f3n. He podido percibir un grupo sano, trabajador. J\u00f3venes con los que se puede seguir trabajando a corto y mediano plazo\u201d, explic\u00f3 Gonz\u00e1lez.<\/p>\n<p>El torneo Preol\u00edmpico Sub-23 se jugar\u00e1 entre el 17 y el 21 de julio con 16 equipos de la Concacaf. Dominicana compartir\u00e1 el Grupo 4 con Antigua y Barbuda, Puerto Rico y Santa Luc\u00eda.<\/p>\n","protected":false},"excerpt":{"rendered":"<p>El seleccionador del onceno quisqueyano prepara el equipo nacional sub\/23 que escenificar\u00e1 dos partidos ante la absoluta de Cuba.<\/p>\n","protected":false},"author":13,"featured_media":55095,"comment_status":"closed","ping_status":"closed","sticky":false,"template":"","format":"standard","meta":[],"categories":[2,60],"tags":[],"acf":[],"_links":{"self":[{"href":"https:\/\/colimdo.org\/wp-api\/wp\/v2\/posts\/55094"}],"collection":[{"href":"https:\/\/colimdo.org\/wp-api\/wp\/v2\/posts"}],"about":[{"href":"https:\/\/colimdo.org\/wp-api\/wp\/v2\/types\/post"}],"author":[{"embeddable":true,"href":"https:\/\/colimdo.org\/wp-api\/wp\/v2\/users\/13"}],"replies":[{"embeddable":true,"href":"https:\/\/colimdo.org\/wp-api\/wp\/v2\/comments?post=55094"}],"version-history":[{"count":1,"href":"https:\/\/colimdo.org\/wp-api\/wp\/v2\/posts\/55094\/revisions"}],"predecessor-version":[{"id":55096,"href":"https:\/\/colimdo.org\/wp-api\/wp\/v2\/posts\/55094\/revisions\/55096"}],"wp:featuredmedia":[{"embeddable":true,"href":"https:\/\/colimdo.org\/wp-api\/wp\/v2\/media\/55095"}],"wp:attachment":[{"href":"https:\/\/colimdo.org\/wp-api\/wp\/v2\/media?parent=55094"}],"wp:term":[{"taxonomy":"category","embeddable":true,"href":"https:\/\/colimdo.org\/wp-api\/wp\/v2\/categories?post=55094"},{"taxonomy":"post_tag","embeddable":true,"href":"https:\/\/colimdo.org\/wp-api\/wp\/v2\/tags?post=55094"}],"curies":[{"name":"wp","href":"https:\/\/api.w.org\/{rel}","templated":true}]}}