{"id":55097,"date":"2019-06-06T02:37:24","date_gmt":"2019-06-06T02:37:24","guid":{"rendered":"https:\/\/colimdo.org\/?p=55097"},"modified":"2019-06-06T02:37:24","modified_gmt":"2019-06-06T02:37:24","slug":"dominicano-vasquez-gana-oro-dos-platas-campeonato-remo","status":"publish","type":"post","link":"https:\/\/colimdo.org\/noticias\/dominicano-vasquez-gana-oro-dos-platas-campeonato-remo\/","title":{"rendered":"Dominicano V\u00e1squez gana un oro y dos platas en Campeonato de Remo"},"content":{"rendered":"<p>Santo Domingo.- El novel atleta dominicano Ignacio V\u00e1squez Jorge se hizo con 1 medalla de oro y dos de plata en la Copa Centroamericana y del Caribe que se celebr\u00f3 en El Salvador, seg\u00fan destac\u00f3 este mi\u00e9rcoles la Federaci\u00f3n Dominicana de Remo y Canotaje (Fedoreca).<br \/>\nEl presidente de esa entidad, el periodista Andr\u00e9s Osiris Tejeda Cess\u00e9, dijo que la actuaci\u00f3n de V\u00e1squez Jorge es una muestra m\u00e1s del avance alcanzado en los \u00faltimos a\u00f1os por el remo en el pa\u00eds.<br \/>\nEl dominicano se llev\u00f3 el primer lugar en la categor\u00eda senior single, mientras que obtuvo dos preseas de plata en peso ligero y abierto.<br \/>\nTejeda Cess\u00e9 destac\u00f3 que en la competici\u00f3n participaron delegaciones de Guatemala, Puerto Rico, San Vicente y las Granadinas, Honduras, Ecuador, Nicaragua, Rep\u00fablica Dominicana y El Salvador.<br \/>\nEl joven atleta de 21 a\u00f1os, con solo 5 en el seleccionado nacional, conquist\u00f3 la medalla de oro en single peso abierto con tiempo de 7:54:92, la segunda posici\u00f3n fue para Adam Catal\u00e1n, de Guatemala, con 8:03:57, mientras que el bronce lo obtuvo Franklin Acosta, de Honduras, con tiempo de 8:13:85.<br \/>\nV\u00e1squez Jorge estar\u00e1 compitiendo en los Juegos Panamericanos de Lima en los eventos de remo del 6 al 10 de agosto, confirm\u00f3 el presidente de Fedoreca.<br \/>\nEl dirigente resalt\u00f3 que el experimentado t\u00e9cnico Osvaldo Borchi, director de desarrollo para Am\u00e9rica Latina de la Federaci\u00f3n Internacional de Remo (FISA), valor\u00f3 el desempe\u00f1o del joven atleta en particular, y del remo dominicano en sentido general, calificando a Fedoreca como una &#8220;gran instituci\u00f3n&#8221;.<br \/>\nDestac\u00f3, adem\u00e1s, el trabajo del t\u00e9cnico internacional y entrenador de la selecci\u00f3n dominicana Bryans Chalas.<\/p>\n","protected":false},"excerpt":{"rendered":"<p>El presidente de esa entidad, el periodista Andr\u00e9s Osiris Tejeda Cess\u00e9, dijo que la actuaci\u00f3n de V\u00e1squez Jorge es una muestra m\u00e1s del avance alcanzado en los \u00faltimos a\u00f1os por el remo en el pa\u00eds.<\/p>\n","protected":false},"author":16,"featured_media":55098,"comment_status":"closed","ping_status":"closed","sticky":false,"template":"","format":"standard","meta":[],"categories":[2,60],"tags":[],"acf":[],"_links":{"self":[{"href":"https:\/\/colimdo.org\/wp-api\/wp\/v2\/posts\/55097"}],"collection":[{"href":"https:\/\/colimdo.org\/wp-api\/wp\/v2\/posts"}],"about":[{"href":"https:\/\/colimdo.org\/wp-api\/wp\/v2\/types\/post"}],"author":[{"embeddable":true,"href":"https:\/\/colimdo.org\/wp-api\/wp\/v2\/users\/16"}],"replies":[{"embeddable":true,"href":"https:\/\/colimdo.org\/wp-api\/wp\/v2\/comments?post=55097"}],"version-history":[{"count":1,"href":"https:\/\/colimdo.org\/wp-api\/wp\/v2\/posts\/55097\/revisions"}],"predecessor-version":[{"id":55099,"href":"https:\/\/colimdo.org\/wp-api\/wp\/v2\/posts\/55097\/revisions\/55099"}],"wp:featuredmedia":[{"embeddable":true,"href":"https:\/\/colimdo.org\/wp-api\/wp\/v2\/media\/55098"}],"wp:attachment":[{"href":"https:\/\/colimdo.org\/wp-api\/wp\/v2\/media?parent=55097"}],"wp:term":[{"taxonomy":"category","embeddable":true,"href":"https:\/\/colimdo.org\/wp-api\/wp\/v2\/categories?post=55097"},{"taxonomy":"post_tag","embeddable":true,"href":"https:\/\/colimdo.org\/wp-api\/wp\/v2\/tags?post=55097"}],"curies":[{"name":"wp","href":"https:\/\/api.w.org\/{rel}","templated":true}]}}