{"id":55103,"date":"2019-06-06T02:48:50","date_gmt":"2019-06-06T02:48:50","guid":{"rendered":"https:\/\/colimdo.org\/?p=55103"},"modified":"2019-06-06T02:48:50","modified_gmt":"2019-06-06T02:48:50","slug":"comisionado-beisbol-senado-trabajan-proyecto-ley-regula-actividad-beisbolista-menores","status":"publish","type":"post","link":"https:\/\/colimdo.org\/noticias\/comisionado-beisbol-senado-trabajan-proyecto-ley-regula-actividad-beisbolista-menores\/","title":{"rendered":"Comisionado de B\u00e9isbol y el Senado trabajan en proyecto de ley regula actividad beisbolista con menores"},"content":{"rendered":"<p>SANTO DOMINGO.-El Comisionado Nacional de B\u00e9isbol Profesional de la Rep\u00fablica Dominicana, Ricky Noboa, y la Comisi\u00f3n de Deporte del Senado de la Rep\u00fablica presidida por el representante por Valderde, Manuel Wichardo, continuaron conceptualizando y trabajando arduamente en el proyecto de ley presentado por la senadora de La Romana, Amarilis Santana.<\/p>\n<p>El proyecto de ley regula la actividad con menores de edad que practican b\u00e9isbol y su contrataci\u00f3n al profesionalismo; y la fusi\u00f3n de la pieza legislativa presentada por el Comisionado de B\u00e9isbol sobre la prevenci\u00f3n del dopaje en prospectos menores de edad y la prevenci\u00f3n a la deserci\u00f3n escolar, hacia garantizar su futuro mediante la preservaci\u00f3n de su nivel escolar a t\u00e9rmino, garantizando su futuro productivo en la sociedad.<\/p>\n<p>En dicha sesi\u00f3n, adem\u00e1s participaron los Miembros de la Comisi\u00f3n de Deporte del Senado: su Vicepresidente, el senador por El Seibo,\u00a0Santiago Jos\u00e9 Zorrilla; el senador por Salcedo Luis Ren\u00e9 Cana\u00e1n; la senadora Amarilis Santana; Otto Grull\u00f3n Hern\u00e1ndez, Encargado de la Unidad de Revisi\u00f3n Constitucional; los abogados adjuntos a la Oficina del Comisionado, Mariela Santos y el Abelardo Guridi; y el Presidente de la Asociaci\u00f3n de Entrenadores Amateur, Amauris Polanco.<\/p>\n<p>Dentro de los conceptos tratados en dicha reuni\u00f3n, sobresale la inexistencia en el pa\u00eds de un marco legal que establezca par\u00e1metros para la firma al profesionalismo de un menor de edad y que los agentes que realizan las operaciones en la industria del b\u00e9isbol en la Rep\u00fablica Dominicana, deber\u00e1n regirse por un ordenamiento avalado en la supervisi\u00f3n que el Estado debe asumir por mandato constitucional.<\/p>\n<p>El Comisionado Noboa manifest\u00f3 que legislar creando un r\u00e9gimen de consecuencias para las irregularidades que hoy se producen, es un paso trascendente para sanear y mejorar sustancialmente las operaciones del b\u00e9isbol en el pa\u00eds.<\/p>\n<p>\u201cEl Presidente Danilo Medina, est\u00e1 al lado de los mejores intereses de sobre guardar la materia prima humana que representan los j\u00f3venes deportistas de la Rep\u00fablica Dominicana\u201d, afirma un comunicado de la oficina del Comisionado de B\u00e9isbol.<\/p>\n","protected":false},"excerpt":{"rendered":"<p>El proyecto de ley regula la actividad con menores de edad que practican b\u00e9isbol y su contrataci\u00f3n al profesionalismo<\/p>\n","protected":false},"author":16,"featured_media":55104,"comment_status":"closed","ping_status":"closed","sticky":false,"template":"","format":"standard","meta":[],"categories":[2,60],"tags":[],"acf":[],"_links":{"self":[{"href":"https:\/\/colimdo.org\/wp-api\/wp\/v2\/posts\/55103"}],"collection":[{"href":"https:\/\/colimdo.org\/wp-api\/wp\/v2\/posts"}],"about":[{"href":"https:\/\/colimdo.org\/wp-api\/wp\/v2\/types\/post"}],"author":[{"embeddable":true,"href":"https:\/\/colimdo.org\/wp-api\/wp\/v2\/users\/16"}],"replies":[{"embeddable":true,"href":"https:\/\/colimdo.org\/wp-api\/wp\/v2\/comments?post=55103"}],"version-history":[{"count":1,"href":"https:\/\/colimdo.org\/wp-api\/wp\/v2\/posts\/55103\/revisions"}],"predecessor-version":[{"id":55105,"href":"https:\/\/colimdo.org\/wp-api\/wp\/v2\/posts\/55103\/revisions\/55105"}],"wp:featuredmedia":[{"embeddable":true,"href":"https:\/\/colimdo.org\/wp-api\/wp\/v2\/media\/55104"}],"wp:attachment":[{"href":"https:\/\/colimdo.org\/wp-api\/wp\/v2\/media?parent=55103"}],"wp:term":[{"taxonomy":"category","embeddable":true,"href":"https:\/\/colimdo.org\/wp-api\/wp\/v2\/categories?post=55103"},{"taxonomy":"post_tag","embeddable":true,"href":"https:\/\/colimdo.org\/wp-api\/wp\/v2\/tags?post=55103"}],"curies":[{"name":"wp","href":"https:\/\/api.w.org\/{rel}","templated":true}]}}