{"id":55106,"date":"2019-06-06T03:00:31","date_gmt":"2019-06-06T03:00:31","guid":{"rendered":"https:\/\/colimdo.org\/?p=55106"},"modified":"2019-06-06T03:00:31","modified_gmt":"2019-06-06T03:00:31","slug":"acds-reconocera-tirso-arjona-cibao-fc-gala-atleta-del-ano-santiago","status":"publish","type":"post","link":"https:\/\/colimdo.org\/noticias\/acds-reconocera-tirso-arjona-cibao-fc-gala-atleta-del-ano-santiago\/","title":{"rendered":"ACDS reconocer\u00e1 a Tirso Arjona y Cibao FC en gala El Atleta del A\u00f1o de Santiago"},"content":{"rendered":"<p>SANTIAGO.- La Asociaci\u00f3n de Cronistas Deportivos de Santiago (ACDS), reconocer\u00e1 al hist\u00f3rico crossista, Tirso Arjona y al Cibao F\u00fatbol Club, el pr\u00f3ximo lunes 24 de junio, en la gran gala El Atleta del A\u00f1o de Santiago en honor a los medallistas locales en los m\u00e1s recientes Juegos Deportivos Centroamericanos y del Caribe.<\/p>\n<p>La informaci\u00f3n fue ofrecida por el presidente de la ACDS, Am\u00e9rico Cabrera, quien, adem\u00e1s, dio a conocer que el prestigioso evento anual ser\u00e1 realizado a partir de las siete de la noche de ese d\u00eda en el Gran Teatro del Cibao.<\/p>\n<p>El grandioso e hist\u00f3rico piloto retirado, Tirso Arjona, quien en m\u00e1s de una d\u00e9cada llen\u00f3 de emoci\u00f3n a los seguidores del motocross consiguiendo emocionantes triunfos, nunca olvidados por los seguidores del motocross de la Rep\u00fablica Dominicana.<\/p>\n<p>El sensacional piloto fue campe\u00f3n invicto del motocross del pa\u00eds durante 17 a\u00f1os consecutivos, r\u00e9cord que perdura fuerte en la historia que llen\u00f3 de destreza y pericia, permiti\u00e9ndose llevar sobre sus hombros la Bandera Dominicana por pa\u00edses como Colombia, Chile, Venezuela, Puerto Rico, Costa Rica, Panam\u00e1, entre otros.<\/p>\n<p>Mientras que el otro homenaje especial es para el fabuloso equipo del Cibao F\u00fatbol Club, que, representando a Santiago, el a\u00f1o pasado se coron\u00f3 campe\u00f3n de la Liga Dominicana de F\u00fatbol, en poco tiempo, ese combinado ha llenado con sus triunfos la historia de ese deporte en todo el pa\u00eds.<\/p>\n<p>De igual manera, un gran homenaje se realizar\u00e1 a los atletas de Santiago, h\u00e9roes del pa\u00eds, que lograron ganar medallas en los m\u00e1s recientes Juegos Deportivos Centroamericanos y del Caribe, realizados en Colombia.<\/p>\n<p>Durante la gran gala anual, El Atleta del A\u00f1o de Santiago, ser\u00e1n galardonados los m\u00e1s distinguidos en los deportes oficiales del olimpismo, as\u00ed como los pilotos m\u00e1s sobresalientes en competencias motorizadas, en el acto ser\u00e1 presentado el grupo de baile de la Pontificia Universidad Cat\u00f3lica Madre y Maestra, que dirige la profesora, Mariluz G\u00f3mez.<\/p>\n","protected":false},"excerpt":{"rendered":"<p>La informaci\u00f3n fue ofrecida por el presidente de la ACDS, Am\u00e9rico Cabrera, quien, adem\u00e1s, dio a conocer que el prestigioso evento anual ser\u00e1 realizado a partir de las siete de la noche de ese d\u00eda en el Gran Teatro del Cibao.<\/p>\n","protected":false},"author":16,"featured_media":55107,"comment_status":"closed","ping_status":"closed","sticky":false,"template":"","format":"standard","meta":[],"categories":[2,60],"tags":[],"acf":[],"_links":{"self":[{"href":"https:\/\/colimdo.org\/wp-api\/wp\/v2\/posts\/55106"}],"collection":[{"href":"https:\/\/colimdo.org\/wp-api\/wp\/v2\/posts"}],"about":[{"href":"https:\/\/colimdo.org\/wp-api\/wp\/v2\/types\/post"}],"author":[{"embeddable":true,"href":"https:\/\/colimdo.org\/wp-api\/wp\/v2\/users\/16"}],"replies":[{"embeddable":true,"href":"https:\/\/colimdo.org\/wp-api\/wp\/v2\/comments?post=55106"}],"version-history":[{"count":1,"href":"https:\/\/colimdo.org\/wp-api\/wp\/v2\/posts\/55106\/revisions"}],"predecessor-version":[{"id":55108,"href":"https:\/\/colimdo.org\/wp-api\/wp\/v2\/posts\/55106\/revisions\/55108"}],"wp:featuredmedia":[{"embeddable":true,"href":"https:\/\/colimdo.org\/wp-api\/wp\/v2\/media\/55107"}],"wp:attachment":[{"href":"https:\/\/colimdo.org\/wp-api\/wp\/v2\/media?parent=55106"}],"wp:term":[{"taxonomy":"category","embeddable":true,"href":"https:\/\/colimdo.org\/wp-api\/wp\/v2\/categories?post=55106"},{"taxonomy":"post_tag","embeddable":true,"href":"https:\/\/colimdo.org\/wp-api\/wp\/v2\/tags?post=55106"}],"curies":[{"name":"wp","href":"https:\/\/api.w.org\/{rel}","templated":true}]}}