{"id":55109,"date":"2019-06-06T03:18:42","date_gmt":"2019-06-06T03:18:42","guid":{"rendered":"https:\/\/colimdo.org\/?p=55109"},"modified":"2019-06-06T03:18:42","modified_gmt":"2019-06-06T03:18:42","slug":"gianni-infantino-reelegido-presidente-la-fifa","status":"publish","type":"post","link":"https:\/\/colimdo.org\/noticias\/gianni-infantino-reelegido-presidente-la-fifa\/","title":{"rendered":"Gianni Infantino es reelegido como presidente de la FIFA"},"content":{"rendered":"<p>El suizo Gianni Infantino ha sido reelegido como presidente de la FIFA por aclamaci\u00f3n, sin necesidad de una votaci\u00f3n, este mi\u00e9rcoles en Par\u00eds en el 69\u00ba Congreso de la instituci\u00f3n, en la que continuar\u00e1 como cabeza visible hasta 2023. Infantino era el \u00fanico candidato a un puesto que ostenta desde 2016, y que revalida despu\u00e9s de que el Consejo aprobara en Par\u00eds una modificaci\u00f3n de los estatutos de la federaci\u00f3n para establecer que cuando solo haya un aspirante este fuera elegido de esta manera.<\/p>\n<p>Hace cerca de un a\u00f1o, Infantino anunci\u00f3 que optar\u00eda a un segundo mandato para continuar con su empe\u00f1o de transformaci\u00f3n de una federaci\u00f3n que &#8220;estaba muerta&#8221; cuando lleg\u00f3, y este mi\u00e9rcoles celebr\u00f3 que en este tiempo la FIFA haya dejado de ser &#8220;t\u00f3xica, casi criminal&#8221;, para erigirse en un ejemplo de transparencia.<\/p>\n<p>&#8220;Gracias a todos, a los que me quieren y me odian, hoy yo quiero a todo el mundo. Amo el f\u00fatbol, trabajo duro, me comprometo con ustedes, seguir\u00e9 trabajando duro, con ustedes y para ustedes&#8221;, dijo Infantino, emocionado, despu\u00e9s de que los representantes de las federaciones de la FIFA respaldaran su proyecto con un aplauso.<\/p>\n","protected":false},"excerpt":{"rendered":"<p>El suizo, que preside el organismo desde hace tres a\u00f1os, renueva el puesto hasta 2023<\/p>\n","protected":false},"author":16,"featured_media":55110,"comment_status":"closed","ping_status":"closed","sticky":false,"template":"","format":"standard","meta":[],"categories":[2,60],"tags":[],"acf":[],"_links":{"self":[{"href":"https:\/\/colimdo.org\/wp-api\/wp\/v2\/posts\/55109"}],"collection":[{"href":"https:\/\/colimdo.org\/wp-api\/wp\/v2\/posts"}],"about":[{"href":"https:\/\/colimdo.org\/wp-api\/wp\/v2\/types\/post"}],"author":[{"embeddable":true,"href":"https:\/\/colimdo.org\/wp-api\/wp\/v2\/users\/16"}],"replies":[{"embeddable":true,"href":"https:\/\/colimdo.org\/wp-api\/wp\/v2\/comments?post=55109"}],"version-history":[{"count":1,"href":"https:\/\/colimdo.org\/wp-api\/wp\/v2\/posts\/55109\/revisions"}],"predecessor-version":[{"id":55111,"href":"https:\/\/colimdo.org\/wp-api\/wp\/v2\/posts\/55109\/revisions\/55111"}],"wp:featuredmedia":[{"embeddable":true,"href":"https:\/\/colimdo.org\/wp-api\/wp\/v2\/media\/55110"}],"wp:attachment":[{"href":"https:\/\/colimdo.org\/wp-api\/wp\/v2\/media?parent=55109"}],"wp:term":[{"taxonomy":"category","embeddable":true,"href":"https:\/\/colimdo.org\/wp-api\/wp\/v2\/categories?post=55109"},{"taxonomy":"post_tag","embeddable":true,"href":"https:\/\/colimdo.org\/wp-api\/wp\/v2\/tags?post=55109"}],"curies":[{"name":"wp","href":"https:\/\/api.w.org\/{rel}","templated":true}]}}