{"id":55115,"date":"2019-06-06T03:36:07","date_gmt":"2019-06-06T03:36:07","guid":{"rendered":"https:\/\/colimdo.org\/?p=55115"},"modified":"2019-06-06T03:38:14","modified_gmt":"2019-06-06T03:38:14","slug":"velocista-fiordaliza-cofil-recibevivienda-guaymate","status":"publish","type":"post","link":"https:\/\/colimdo.org\/noticias\/velocista-fiordaliza-cofil-recibevivienda-guaymate\/","title":{"rendered":"Velocista Fiordaliza Cofil recibevivienda en Guaymate"},"content":{"rendered":"<p>La velocista Fiordaliza Cofil vio cumplido uno de sus sue\u00f1os, el que le dar\u00e1 en lo adelante tranquilidad mental mientras contin\u00faa su desarrollo en actividades internacionales como figura del atletismo de la Rep\u00fablica Dominicana: tener una vivienda propia, que compartir\u00e1 con sus padres.<\/p>\n<p>El director del Instituto Nacional de la Vivienda (INVI), Mayobanex Escoto; y el viceministro Soterio Ram\u00edrez, en representaci\u00f3n del ministro de Deportes y Recreaci\u00f3n (Miderec), licenciado Danilo D\u00edaz, le entregaron su casa este mi\u00e9rcoles 5 de junio a la atleta nativa de aqu\u00ed, como parte de un acuerdo entre ambas instituciones, y cumplen as\u00ed las instrucciones del presidente Danilo Medina, de proteger a los deportistas de alto rendimiento.<\/p>\n<p>\u201cPrimero quiero dar gracias a Dios por uno de mis sue\u00f1os, que se est\u00e1 cumpliendo hoy; al presidente de la Rep\u00fablica Dominicana por crearme uno de mis sue\u00f1os; y al director del INVI le agradezco de coraz\u00f3n por este gran d\u00eda que ser\u00e1 inolvidable para m\u00ed\u201d, dijo la atleta, quien ocupar\u00e1 la vivienda con sus padres, Sonson Luis Cofil y Ramona Yan y que la reciben un d\u00eda antes de que Josefina viaje a Europa, con entrada por Espa\u00f1a, para continuar su preparaci\u00f3n rumbo a los Juegos Panamericanos de Lima, Per\u00fa, a realizarse entre el 26 de julio y el 11 de agosto.<\/p>\n<p>La ganadora de medalla de plata en 400 metros planos de los pasados Juegos Centroamericanos y del Caribe de Barranquilla, Colombia, tambi\u00e9n agradeci\u00f3 \u201ca mi gobernador\u201d, Teodoro Ursino Reyes, \u201cpor esa ayuda incondicional que le ha dado desde el primer d\u00eda que me conoci\u00f3 y que no me ha dejado y le agradezco mucho\u201d; y \u201ca mi alcaldesa\u201d Esther Ozuna, que pelean, \u201cpero siempre estamos juntas\u201d, y a la junta municipal del Distrito Municipal Guaymate por la ayuda incondicional que le prodigan \u201cy de coraz\u00f3n les digo: gracias\u201d.<\/p>\n<p>Tambi\u00e9n lo hizo con sus entrenadores (ausentes y que no nombr\u00f3), que en los momentos dif\u00edciles le dicen que no se rinda \u201cy son esas personas que uno haya: de coraz\u00f3n les agradezco\u201d.<\/p>\n<p>Los primeros en tomar la palabra fueron la alcaldesa Esther Ozuna y el Gobernador Provincial de La Romana, Ursino Reyes, que se unieron para adquirir el terreno donde se levant\u00f3 la vivienda de tres dormitorios, ba\u00f1o, cocina y sala; y destacaron la celeridad con que respondi\u00f3 el director ejecutivo del INVI para construirla en menos de un mes y que luego la amoblar\u00e1.<\/p>\n<p>Mayobanex Escoto como Soterio Ram\u00edrez resaltaron el acuerdo entre el INVI y el Miderec para dotar de viviendas a atletas destacados de alto rendimiento, con lo cual cumplen el mandato del presidente Medina de dar seguimiento y protecci\u00f3n a los deportistas, se\u00f1alaron.<\/p>\n<p>Recordaron que apenas el lunes, el INVI y el Miderec entregaron a la judoka Est\u00e9fany Soriano una vivienda del mismo modelo en Bayaguana, provincia Monte Plata, y que lo propio han hecho con numerosos deportistas del primer nivel.<\/p>\n<p>Lo mismo que Ursino Reyes y la alcaldesa Ozuna, el director del INVI y el viceministro de Deportes mostraron su regocijo por entregar la vivienda que anhelaba Fiordaliza Cofil, de la que destacaron sus cualidades atl\u00e9ticas; y que ahora podr\u00e1 estar tranquila cuando est\u00e9 entrenando o compitiendo en el exterior, porque sabe que sus padres tienen vivienda propia, mientras ella sigue poniendo en alto a Guaymate, La Romana y el pa\u00eds.<\/p>\n<p>Acompa\u00f1aron a Escoto, Ram\u00edrez, Reyes y Ozuna, la diputada M\u00f3nica Lorenzo; la judoka Mar\u00eda Garc\u00eda, enlace del Miderec con los atletas; el comandante regional Este de la Polic\u00eda, general Pablo de Jes\u00fas Dipr\u00e9; el vicealcalde Wilson Miude; el presidente de la Sala Capitular, Osvaldo Valent\u00edn; el director de Deportes Provincial de La Romana, Julio Cabrera; y el reverendo Gregorio \u00c1vila, quien imparti\u00f3 la bendici\u00f3n de la casa.<\/p>\n","protected":false},"excerpt":{"rendered":"<p>Fiordaliza Cofil vio cumplido uno de sus sue\u00f1os de tener un techo propio.<\/p>\n","protected":false},"author":16,"featured_media":55116,"comment_status":"closed","ping_status":"closed","sticky":false,"template":"","format":"standard","meta":[],"categories":[2,60],"tags":[],"acf":[],"_links":{"self":[{"href":"https:\/\/colimdo.org\/wp-api\/wp\/v2\/posts\/55115"}],"collection":[{"href":"https:\/\/colimdo.org\/wp-api\/wp\/v2\/posts"}],"about":[{"href":"https:\/\/colimdo.org\/wp-api\/wp\/v2\/types\/post"}],"author":[{"embeddable":true,"href":"https:\/\/colimdo.org\/wp-api\/wp\/v2\/users\/16"}],"replies":[{"embeddable":true,"href":"https:\/\/colimdo.org\/wp-api\/wp\/v2\/comments?post=55115"}],"version-history":[{"count":1,"href":"https:\/\/colimdo.org\/wp-api\/wp\/v2\/posts\/55115\/revisions"}],"predecessor-version":[{"id":55117,"href":"https:\/\/colimdo.org\/wp-api\/wp\/v2\/posts\/55115\/revisions\/55117"}],"wp:featuredmedia":[{"embeddable":true,"href":"https:\/\/colimdo.org\/wp-api\/wp\/v2\/media\/55116"}],"wp:attachment":[{"href":"https:\/\/colimdo.org\/wp-api\/wp\/v2\/media?parent=55115"}],"wp:term":[{"taxonomy":"category","embeddable":true,"href":"https:\/\/colimdo.org\/wp-api\/wp\/v2\/categories?post=55115"},{"taxonomy":"post_tag","embeddable":true,"href":"https:\/\/colimdo.org\/wp-api\/wp\/v2\/tags?post=55115"}],"curies":[{"name":"wp","href":"https:\/\/api.w.org\/{rel}","templated":true}]}}