{"id":55122,"date":"2019-06-06T03:48:42","date_gmt":"2019-06-06T03:48:42","guid":{"rendered":"https:\/\/colimdo.org\/?p=55122"},"modified":"2019-06-06T03:48:42","modified_gmt":"2019-06-06T03:48:42","slug":"celtics-boston-quieren-reestructurar-contrato-al-horford","status":"publish","type":"post","link":"https:\/\/colimdo.org\/noticias\/celtics-boston-quieren-reestructurar-contrato-al-horford\/","title":{"rendered":"Celtics de Boston quieren reestructurar el contrato de Al Horford"},"content":{"rendered":"<p>NBAMANIACS.- Verano decisivo para Boston\u00a0Celtics. Los verdes, quienes acabaron la campa\u00f1a 2017-18 con la sensaci\u00f3n de que lo ten\u00edan todo para ser campeones, han terminado por ver envueltos en una suma de dudas y decisiones que pueden marcar su futuro; todo ello alimentado por una mala temporada regular y no mejores\u00a0playoffs.<\/p>\n<p>Kyrie Irving puede marcharse y Anthony Davis es un objetivo, eso est\u00e1 claro; pero no por ello la gerencia encabezada por Danny Ainge pierde de vista otras operaciones que deben allanar el camino para alcanzar el \u00e9xito deseado. Entre esos movimientos, se encuentra el de concretar la permanencia a largo plazo de\u00a0Al Horford.<\/p>\n<p>El p\u00edvot, para muchos quien marca el ritmo del equipo tanto a nivel moral como meramente deportivo, tiene en su mano una opci\u00f3n de jugador para la temporada 2019-20 por valor de 30,1 millones de d\u00f3lares. Visto as\u00ed, y dado que tiene 33 a\u00f1os, parece imposible que rechace la posibilidad de tan cuantioso contrato. La cuesti\u00f3n es que Boston parece querer justo eso, que opte por renunciar a ese a\u00f1o a cambio de un acuerdo a largo plazo.<\/p>\n<p>Danny Ainge,\u00a0gerente general del equipo, estar\u00eda convencido de que la continuidad del jugador dominicano es prioritaria, por lo que estar\u00eda pensando en reestructurar el contrato de jugador, tal y como informa Jay King de The Athletic.<\/p>\n<p><strong><em>Horford, tranquilo<\/em><\/strong><\/p>\n<p>Horford no va a ponerse nervioso. En una entrevista concedida hace poco a\u00a0MassLive, el centro se\u00f1alaba que por ahora es algo en lo que no ha pensado, y que todo se resume a esperar y ver qu\u00e9 desean hacer los Celtics.<\/p>\n<p>\u201cLo cierto es que es algo en lo que ni siquiera me he parado a pensar. He disfrutado de estar aqu\u00ed en Boston. Solamente hay que esperar y ver qu\u00e9 se va a hacer como equipo. Hay que esperar a conocer los pasos que dar\u00e1 la gerencia para avanzar y seguir mejorando\u201d, sentencia.<\/p>\n","protected":false},"excerpt":{"rendered":"<p>Danny Ainge,\u00a0gerente general del equipo, estar\u00eda convencido de que la continuidad del jugador dominicano es prioritaria, por lo que estar\u00eda pensando en reestructurar el contrato de jugador, tal y como informa Jay King de The Athletic.<\/p>\n","protected":false},"author":16,"featured_media":55123,"comment_status":"closed","ping_status":"closed","sticky":false,"template":"","format":"standard","meta":[],"categories":[2,60],"tags":[],"acf":[],"_links":{"self":[{"href":"https:\/\/colimdo.org\/wp-api\/wp\/v2\/posts\/55122"}],"collection":[{"href":"https:\/\/colimdo.org\/wp-api\/wp\/v2\/posts"}],"about":[{"href":"https:\/\/colimdo.org\/wp-api\/wp\/v2\/types\/post"}],"author":[{"embeddable":true,"href":"https:\/\/colimdo.org\/wp-api\/wp\/v2\/users\/16"}],"replies":[{"embeddable":true,"href":"https:\/\/colimdo.org\/wp-api\/wp\/v2\/comments?post=55122"}],"version-history":[{"count":1,"href":"https:\/\/colimdo.org\/wp-api\/wp\/v2\/posts\/55122\/revisions"}],"predecessor-version":[{"id":55124,"href":"https:\/\/colimdo.org\/wp-api\/wp\/v2\/posts\/55122\/revisions\/55124"}],"wp:featuredmedia":[{"embeddable":true,"href":"https:\/\/colimdo.org\/wp-api\/wp\/v2\/media\/55123"}],"wp:attachment":[{"href":"https:\/\/colimdo.org\/wp-api\/wp\/v2\/media?parent=55122"}],"wp:term":[{"taxonomy":"category","embeddable":true,"href":"https:\/\/colimdo.org\/wp-api\/wp\/v2\/categories?post=55122"},{"taxonomy":"post_tag","embeddable":true,"href":"https:\/\/colimdo.org\/wp-api\/wp\/v2\/tags?post=55122"}],"curies":[{"name":"wp","href":"https:\/\/api.w.org\/{rel}","templated":true}]}}