{"id":55191,"date":"2019-06-06T21:24:29","date_gmt":"2019-06-06T21:24:29","guid":{"rendered":"https:\/\/colimdo.org\/?p=55191"},"modified":"2019-06-06T21:24:29","modified_gmt":"2019-06-06T21:24:29","slug":"rd-enfrentara-cuba-este-viernes-panamericano-san-cristobal","status":"publish","type":"post","link":"https:\/\/colimdo.org\/noticias\/rd-enfrentara-cuba-este-viernes-panamericano-san-cristobal\/","title":{"rendered":"RD enfrentar\u00e1 a Cuba este viernes en el Panamericano de San Crist\u00f3bal"},"content":{"rendered":"<p class=\"x_MsoNormal\">SANTO DOMINGO.- Todo est\u00e1 listo para que la Selecci\u00f3n Dominicana de F\u00fatbol Sub-23 enfrente este viernes a su similar de Cuba en el Estadio Panamericano de San Crist\u00f3bal, a las 4:30 de la tarde.<\/p>\n<p class=\"x_MsoNormal\">Una nota de prensa enviada por la Federaci\u00f3n Dominicana de F\u00fatbol informa que en un principio el partido del d\u00eda viernes estaba pautado a celebrarse en el F\u00e9lix S\u00e1nchez, pero por una disposici\u00f3n del Miderec este fue trasladado de sede hacia el Panamericano de San Crist\u00f3bal.<\/p>\n<p class=\"x_MsoNormal\">El partido del lunes ser\u00e1 igual, a las 7 de la noche en el F\u00e9lix S\u00e1nchez.<\/p>\n<p class=\"x_MsoNormal\">\u201cEsperamos un partido duro. Cuba es una piedra muy fuerte, buen rival para evaluarnos. Mientras m\u00e1s fuerte es el rival, m\u00e1s errores y m\u00e1s aprendizaje\u201d, expres\u00f3 David Gonz\u00e1lez, DT de la Selecci\u00f3n Dominicana de F\u00fatbol.<\/p>\n<p class=\"x_MsoNormal\">Estos amistosos marcar\u00e1n el debut de Gonz\u00e1lez como director t\u00e9cnico de las selecciones sub-23 y absoluta. La entrada general ser\u00e1 de 100 pesos, a beneficio de la Fundaci\u00f3n ST. Jude.<\/p>\n<p class=\"x_MsoNormal\">\u00a0El equipo Sub-23 dominicano se prepara para el Preol\u00edmpico de la categor\u00eda a celebrarse en el mes de julio, mientras que el conjunto cubano se prepara para su participaci\u00f3n en la Copa Oro.<\/p>\n<p class=\"x_MsoNormal\">\u00a0\u201cEstamos tratando de acoplar la selecci\u00f3n. He podido percibir un grupo sano, trabajador. J\u00f3venes con los que se puede seguir trabajando a corto y mediano plazo\u201d, explic\u00f3 Gonz\u00e1lez.<\/p>\n<p class=\"x_MsoNormal\">\u00a0El torneo Preol\u00edmpico Sub-23 se jugar\u00e1 entre el 17 y el 21 de julio con 16 equipos de la Concacaf. Dominicana compartir\u00e1 el Grupo 4 con Antigua y Barbuda, Puerto Rico y Santa Luc\u00eda.<\/p>\n","protected":false},"excerpt":{"rendered":"<p>Una nota de prensa enviada por la Federaci\u00f3n Dominicana de F\u00fatbol informa que en un principio el partido del d\u00eda viernes estaba pautado a celebrarse en el F\u00e9lix S\u00e1nchez, pero por una disposici\u00f3n del Miderec este fue trasladado de sede hacia el Panamericano de San Crist\u00f3bal.<\/p>\n","protected":false},"author":16,"featured_media":55192,"comment_status":"closed","ping_status":"closed","sticky":false,"template":"","format":"standard","meta":[],"categories":[2,60],"tags":[],"acf":[],"_links":{"self":[{"href":"https:\/\/colimdo.org\/wp-api\/wp\/v2\/posts\/55191"}],"collection":[{"href":"https:\/\/colimdo.org\/wp-api\/wp\/v2\/posts"}],"about":[{"href":"https:\/\/colimdo.org\/wp-api\/wp\/v2\/types\/post"}],"author":[{"embeddable":true,"href":"https:\/\/colimdo.org\/wp-api\/wp\/v2\/users\/16"}],"replies":[{"embeddable":true,"href":"https:\/\/colimdo.org\/wp-api\/wp\/v2\/comments?post=55191"}],"version-history":[{"count":1,"href":"https:\/\/colimdo.org\/wp-api\/wp\/v2\/posts\/55191\/revisions"}],"predecessor-version":[{"id":55193,"href":"https:\/\/colimdo.org\/wp-api\/wp\/v2\/posts\/55191\/revisions\/55193"}],"wp:featuredmedia":[{"embeddable":true,"href":"https:\/\/colimdo.org\/wp-api\/wp\/v2\/media\/55192"}],"wp:attachment":[{"href":"https:\/\/colimdo.org\/wp-api\/wp\/v2\/media?parent=55191"}],"wp:term":[{"taxonomy":"category","embeddable":true,"href":"https:\/\/colimdo.org\/wp-api\/wp\/v2\/categories?post=55191"},{"taxonomy":"post_tag","embeddable":true,"href":"https:\/\/colimdo.org\/wp-api\/wp\/v2\/tags?post=55191"}],"curies":[{"name":"wp","href":"https:\/\/api.w.org\/{rel}","templated":true}]}}