{"id":55197,"date":"2019-06-06T21:49:35","date_gmt":"2019-06-06T21:49:35","guid":{"rendered":"https:\/\/colimdo.org\/?p=55197"},"modified":"2019-06-06T21:49:35","modified_gmt":"2019-06-06T21:49:35","slug":"udesa-considera-fructifero-encuentro-cod-deportistas-santiago","status":"publish","type":"post","link":"https:\/\/colimdo.org\/noticias\/udesa-considera-fructifero-encuentro-cod-deportistas-santiago\/","title":{"rendered":"UDESA considera fruct\u00edfero encuentro\u00a0COD con deportistas de Santiago"},"content":{"rendered":"<p class=\"yiv8579039856gmail-m-6680255872668425400xmsonormal\">SANTIAGO, Rep\u00fablica Dominicana .-\u00a0La Uni\u00f3n Deportiva de Santiago\u00a0(UDESA), consider\u00f3 como muy fruct\u00edfero el encuentro-conversatorio sobre la problem\u00e1tica deportiva de Santiago y la regi\u00f3n norte, realizado el pasado martes en esta ciudad por el Comit\u00e9 Ol\u00edmpico Dominicano\u00a0(COD),\u00a0donde se present\u00f3 la propuesta para el mejor desenvolvimiento del deporte local.<\/p>\n<p class=\"yiv8579039856gmail-m-6680255872668425400xmsonormal\">El se\u00f1or Emmanuel Garc\u00eda Musa, quien junto a Margarita J\u00e1quez, Ana Elsa Santos y El\u00edas P\u00e9rez, representaron a la UDESA, en su turno como anfitri\u00f3n, habl\u00f3 sobre los principales renglones de la problem\u00e1tica deportiva local, abarcando sus necesidades y reivindicaciones.<\/p>\n<p class=\"yiv8579039856gmail-m-6680255872668425400xmsonormal\">Su intervenci\u00f3n gir\u00f3 en torno a la diversidad y multiroles de los distintos actores del deporte, b\u00e1sicamente entre los dirigentes, empleados o funcionarios del Ministerio de Deportes y la cr\u00f3nica deportiva, lo cual crea confusi\u00f3n y neutralidad que paralizan las iniciativas de desarrollo.<\/p>\n<p class=\"yiv8579039856gmail-m-6680255872668425400xmsonormal\">Tambi\u00e9n, habl\u00f3 sobre la necesidad de importantizar y valorar las organizaciones deportivas como medio de lograr el respeto a la institucionalidad, estatutos, normas y leyes nacionales.<\/p>\n<p class=\"yiv8579039856gmail-m-6680255872668425400xmsonormal\">As\u00ed mismo, como de la necesidad de que el Ministerio de Deportes ejecute el presupuesto anual de esa cartera en cuanto a los recursos asignados a los Juegos Deportivos Provinciales y al mantenimiento de las instalaciones deportivas, como medio de activar las actividades en todas las provincias del pa\u00eds, motivar y desarrollar a los dirigentes deportivos.<\/p>\n<p class=\"yiv8579039856gmail-m-6680255872668425400xmsonormal\">De igual manera, destac\u00f3 la unidad de criterios y objetivos existentes con las asociaciones afiliadas, resaltando que la\u00a0UDESA\u00a0es un ente aglutinador, de apoyo log\u00edstico y normativo de sus actividades y procesos institucionales.<\/p>\n<p class=\"yiv8579039856gmail-m-6680255872668425400xmsonormal\">Finalmente,\u00a0sobre la situaci\u00f3n y posibles acciones para el uso continuo del Complejo Deportivo de La Barranquita, destac\u00f3 que las asociaciones de gimnasia, voleibol, f\u00fatbol, b\u00e9isbol, softbol, patinaje, hockey, tenis de mesa, tiro con arco y atletismo, tienen actividades permanentes.<\/p>\n<p class=\"yiv8579039856gmail-m-6680255872668425400xmsonormal\">Agreg\u00f3, que all\u00ed, en sus bosques se practica mountanbike, mientras que otros deportes que no son ol\u00edmpicos, como la motovelocidad de bajo cilindraje, que corre su campeonato all\u00e1 y otros como el enduro de dos y cuatro ruedas, accionan en esa \u00e1rea, as\u00ed como los acostumbrados camping de los colegios.<\/p>\n<p class=\"yiv8579039856gmail-m-6680255872668425400xmsonormal\">Adem\u00e1s, se llam\u00f3 la atenci\u00f3n sobre la necesidad de la construcci\u00f3n de un pabell\u00f3n de deportes de combate en un punto de f\u00e1cil acceso de la ciudad, as\u00ed como la necesitada villa ol\u00edmpica.<\/p>\n<p class=\"yiv8579039856gmail-m-6680255872668425400xmsonormal\">Agradeci\u00f3 las muestras de apoyo del\u00a0COD, en lo que se refiere a la consecuci\u00f3n de los Juegos Deportivos Centroamericanos y del Caribe del 2026 para Santiago, ya que es una muestra de la confianza que tiene esa entidad en la dirigencia deportiva local y el empresariado de Santiago, provincia que cuenta con las instalaciones deportivas de La Barranquita.<\/p>\n","protected":false},"excerpt":{"rendered":"<p>El se\u00f1or Emmanuel Garc\u00eda Musa, quien junto a Margarita J\u00e1quez, Ana Elsa Santos y El\u00edas P\u00e9rez, representaron a la UDESA, en su turno como anfitri\u00f3n, habl\u00f3 sobre los principales renglones de la problem\u00e1tica deportiva local, abarcando sus necesidades y reivindicaciones.\u00a0<\/p>\n","protected":false},"author":16,"featured_media":55198,"comment_status":"closed","ping_status":"closed","sticky":false,"template":"","format":"standard","meta":[],"categories":[2,60],"tags":[],"acf":[],"_links":{"self":[{"href":"https:\/\/colimdo.org\/wp-api\/wp\/v2\/posts\/55197"}],"collection":[{"href":"https:\/\/colimdo.org\/wp-api\/wp\/v2\/posts"}],"about":[{"href":"https:\/\/colimdo.org\/wp-api\/wp\/v2\/types\/post"}],"author":[{"embeddable":true,"href":"https:\/\/colimdo.org\/wp-api\/wp\/v2\/users\/16"}],"replies":[{"embeddable":true,"href":"https:\/\/colimdo.org\/wp-api\/wp\/v2\/comments?post=55197"}],"version-history":[{"count":1,"href":"https:\/\/colimdo.org\/wp-api\/wp\/v2\/posts\/55197\/revisions"}],"predecessor-version":[{"id":55199,"href":"https:\/\/colimdo.org\/wp-api\/wp\/v2\/posts\/55197\/revisions\/55199"}],"wp:featuredmedia":[{"embeddable":true,"href":"https:\/\/colimdo.org\/wp-api\/wp\/v2\/media\/55198"}],"wp:attachment":[{"href":"https:\/\/colimdo.org\/wp-api\/wp\/v2\/media?parent=55197"}],"wp:term":[{"taxonomy":"category","embeddable":true,"href":"https:\/\/colimdo.org\/wp-api\/wp\/v2\/categories?post=55197"},{"taxonomy":"post_tag","embeddable":true,"href":"https:\/\/colimdo.org\/wp-api\/wp\/v2\/tags?post=55197"}],"curies":[{"name":"wp","href":"https:\/\/api.w.org\/{rel}","templated":true}]}}