{"id":55200,"date":"2019-06-07T00:19:55","date_gmt":"2019-06-07T00:19:55","guid":{"rendered":"https:\/\/colimdo.org\/?p=55200"},"modified":"2019-06-07T00:19:55","modified_gmt":"2019-06-07T00:19:55","slug":"lima-2019-inaugura-centro-acuatico-polideportivo","status":"publish","type":"post","link":"https:\/\/colimdo.org\/noticias\/lima-2019-inaugura-centro-acuatico-polideportivo\/","title":{"rendered":"Lima 2019 inaugura centro acu\u00e1tico y el polideportivo"},"content":{"rendered":"<p>Cuando restan exactamente 50 d\u00edas para el inicio de los Juegos Panamericanos, la organizaci\u00f3n cumpli\u00f3 con la entrega del Centro Acu\u00e1tico de la Videna y el Polideportivo de Villa El Salvador.<\/p>\n<p>Nataci\u00f3n, Clavados, Nataci\u00f3n Art\u00edstica, Gimnasia, y Karate ser\u00e1n algunos de los deportes que se desarrollar\u00e1n en estos nuevos recintos de nivel mundial que representan un gran legado para el Per\u00fa.<\/p>\n<p>Con la presencia del presidente de Panam Sports Neven Ilic quien ha estado durante toda esta semana en la capital peruana, se llevaron a cabo las inauguraciones de dos grandes, nuevas y simb\u00f3licas sedes deportivas de los XVIII Juegos Panamericanos y de Lima 2019.<\/p>\n<p>El pasado martes, y con la participaci\u00f3n de la Ministra de Transportes del Per\u00fa, el Director Ejecutivo de Lima 2019 y autoridades de Panam Sports, se desarroll\u00f3 la entrega oficial del Centro Acu\u00e1tico a la Federaci\u00f3n. Tras 57 a\u00f1os, Lima vuelve a tener una piscina ol\u00edmpica de nivel mundial que ha sido alabada no solo a nivel local sino que tambi\u00e9n por autoridades y deportistas del extranjero.<\/p>\n<p>El Centro Acu\u00e1tico cuenta una piscina de calentamiento de 50 metros de largo, 25 metros de ancho y 2 metros de profundidad; adem\u00e1s de una piscina ol\u00edmpica de Nataci\u00f3n, de 50 metros de largo, 25 metros de ancho y 3 metros de profundidad y, por \u00faltimo, una piscina de Clavados de 21 metros de largo, 25 metros de ancho y 5,5 metros de profundidad.<\/p>\n<p>Dos d\u00edas despu\u00e9s, lleg\u00f3 el turno del Polideportivo de Villa el Salvador, donde se desarrollar\u00e1 la gimnasia y el karate en los Juegos Panamericanos. Una obra que se encuentra a s\u00f3lo 300 metros de la Villa Panamericana, moderna y que est\u00e1 ubicada en un terreno de 49,000 m2. El coliseo de competencias tendr\u00e1 capacidad para m\u00e1s de 5,000 personas y contar\u00e1 con tribunas retr\u00e1ctiles.<\/p>\n<p>\u201cEs dif\u00edcil expresar lo que siento. Esto cost\u00f3 mucho. Hace un a\u00f1o y medio se ve\u00eda dif\u00edcil, pero logramos la tarea. Este Centro Acu\u00e1tico es una maravilla. Estamos seguros de que los Juegos van a estar en lo m\u00e1s alto. Gracias al Per\u00fa por su trabajo y profesionalismo. Es maravilloso ver todo esto, incre\u00edble. Estuve en muchos Juegos, pero lo que han hecho ac\u00e1 no tiene comparaci\u00f3n. Todo es incre\u00edble en la VIDENA y la Villa Panamericana est\u00e1 espectacular. Ac\u00e1 jugaron juntos con el gobierno y, por eso, salieron bien las cosas. Como Panam Sports sentimos que la mesa est\u00e1 servida. Han hecho un trabajo fant\u00e1stico\u201d, expres\u00f3 emocionado, Neven Ilic.<\/p>\n<p>Por su parte del Director Ejecutivo de COPAL, Carlos Neuhaus fue enf\u00e1tico en se\u00f1alar que \u201cnos ha costado mucho sacrificio, muchas horas de trabajo, pero ahora al ver los frutos, con la entrega de instalaciones nos deja muy contento, y nos motiva a seguir, a no bajar los brazos, porque queda todav\u00eda mucho camino por recorrer\u201d.<\/p>\n<p>El overlay en la Villa de Atletas y algunas sedes peque\u00f1as, quedan a\u00fan por entregar en los pr\u00f3ximos 50 d\u00edas. En cuanto a las actividades oficiales, el 2 de julio ser\u00e1 el encendido de la antorcha en Teotihuacan M\u00e9xico, mientras que el 4 del mismo mes, ser\u00e1 el arribo del fuego panamericano a Machu Picchu para iniciar el recorrido de la antorcha por las principales ciudades de Per\u00fa hasta llegar al Estadio Nacional de Lima el 26 de julio en la Ceremonia Inaugural.<\/p>\n","protected":false},"excerpt":{"rendered":"<p>Nataci\u00f3n, Clavados, Nataci\u00f3n Art\u00edstica, Gimnasia, y Karate ser\u00e1n algunos de los deportes que se desarrollar\u00e1n en estos nuevos recintos de nivel mundial que representan un gran legado para el Per\u00fa.<\/p>\n","protected":false},"author":16,"featured_media":55201,"comment_status":"closed","ping_status":"closed","sticky":false,"template":"","format":"standard","meta":[],"categories":[2,60],"tags":[],"acf":[],"_links":{"self":[{"href":"https:\/\/colimdo.org\/wp-api\/wp\/v2\/posts\/55200"}],"collection":[{"href":"https:\/\/colimdo.org\/wp-api\/wp\/v2\/posts"}],"about":[{"href":"https:\/\/colimdo.org\/wp-api\/wp\/v2\/types\/post"}],"author":[{"embeddable":true,"href":"https:\/\/colimdo.org\/wp-api\/wp\/v2\/users\/16"}],"replies":[{"embeddable":true,"href":"https:\/\/colimdo.org\/wp-api\/wp\/v2\/comments?post=55200"}],"version-history":[{"count":1,"href":"https:\/\/colimdo.org\/wp-api\/wp\/v2\/posts\/55200\/revisions"}],"predecessor-version":[{"id":55202,"href":"https:\/\/colimdo.org\/wp-api\/wp\/v2\/posts\/55200\/revisions\/55202"}],"wp:featuredmedia":[{"embeddable":true,"href":"https:\/\/colimdo.org\/wp-api\/wp\/v2\/media\/55201"}],"wp:attachment":[{"href":"https:\/\/colimdo.org\/wp-api\/wp\/v2\/media?parent=55200"}],"wp:term":[{"taxonomy":"category","embeddable":true,"href":"https:\/\/colimdo.org\/wp-api\/wp\/v2\/categories?post=55200"},{"taxonomy":"post_tag","embeddable":true,"href":"https:\/\/colimdo.org\/wp-api\/wp\/v2\/tags?post=55200"}],"curies":[{"name":"wp","href":"https:\/\/api.w.org\/{rel}","templated":true}]}}