{"id":55221,"date":"2019-06-07T14:34:12","date_gmt":"2019-06-07T14:34:12","guid":{"rendered":"https:\/\/colimdo.org\/?p=55221"},"modified":"2019-06-07T14:34:12","modified_gmt":"2019-06-07T14:34:12","slug":"rafael-nadal-vencio-federer-duelo-titanes-finalista-paris","status":"publish","type":"post","link":"https:\/\/colimdo.org\/noticias\/rafael-nadal-vencio-federer-duelo-titanes-finalista-paris\/","title":{"rendered":"Rafael Nadal venci\u00f3 a Federer en duelo de titanes y es finalista en Par\u00eds"},"content":{"rendered":"<p>ESPN. Rafael Nadal se clasific\u00f3 a su duod\u00e9cima final de Roland Garros, tras derrotar al suizo Roger Federer por 6-3, 6-4 y 6-2, en dos horas y 25 minutos.<\/p>\n<p>En unas dif\u00edciles condiciones climatol\u00f3gicas, con constantes r\u00e1fagas de viento, Nadal, que no ganaba al helv\u00e9tico desde 2014 y acumulaba cinco derrotas consecutivas, volvi\u00f3 a demostrar su superioridad sobre la tierra batida de Par\u00eds.<\/p>\n<p>El cl\u00e1sico entre ambos ex-N\u00b01 del mundo ahora lo lidera el espa\u00f1ol, actual 2\u00b0 ATP, por 24-15 y cort\u00f3 la racha del suizo, hoy 3\u00b0, que hab\u00eda triunfado en los cinco \u00faltimos partidos.<\/p>\n<p>Federer y Nadal, cabe recordar, jugaron en el Abierto de Francia la semifinal de Grand Slam de m\u00e1s edad en la era profesional, desde 1968. Roger tiene 37 a\u00f1os y 10 meses y Rafa viene de cumplir 33.<\/p>\n<p>El balear, que no ha perdido ninguna final en Roland Garros, ahora tratar\u00e1 de levantar su duod\u00e9cima Copa de los Mosqueteros frente al ganador del duelo entre el serbio Novak Djokovic, n\u00famero 1 del mundo, y el austr\u00edaco Dominic Thiem, cuatro.<\/p>\n","protected":false},"excerpt":{"rendered":"<p>En unas dif\u00edciles condiciones climatol\u00f3gicas, con constantes r\u00e1fagas de viento, Nadal, que no ganaba al helv\u00e9tico desde 2014 y acumulaba cinco derrotas consecutivas, volvi\u00f3 a demostrar su superioridad sobre la tierra batida de Par\u00eds.<\/p>\n","protected":false},"author":16,"featured_media":55222,"comment_status":"closed","ping_status":"closed","sticky":false,"template":"","format":"standard","meta":[],"categories":[2,60],"tags":[],"acf":[],"_links":{"self":[{"href":"https:\/\/colimdo.org\/wp-api\/wp\/v2\/posts\/55221"}],"collection":[{"href":"https:\/\/colimdo.org\/wp-api\/wp\/v2\/posts"}],"about":[{"href":"https:\/\/colimdo.org\/wp-api\/wp\/v2\/types\/post"}],"author":[{"embeddable":true,"href":"https:\/\/colimdo.org\/wp-api\/wp\/v2\/users\/16"}],"replies":[{"embeddable":true,"href":"https:\/\/colimdo.org\/wp-api\/wp\/v2\/comments?post=55221"}],"version-history":[{"count":1,"href":"https:\/\/colimdo.org\/wp-api\/wp\/v2\/posts\/55221\/revisions"}],"predecessor-version":[{"id":55223,"href":"https:\/\/colimdo.org\/wp-api\/wp\/v2\/posts\/55221\/revisions\/55223"}],"wp:featuredmedia":[{"embeddable":true,"href":"https:\/\/colimdo.org\/wp-api\/wp\/v2\/media\/55222"}],"wp:attachment":[{"href":"https:\/\/colimdo.org\/wp-api\/wp\/v2\/media?parent=55221"}],"wp:term":[{"taxonomy":"category","embeddable":true,"href":"https:\/\/colimdo.org\/wp-api\/wp\/v2\/categories?post=55221"},{"taxonomy":"post_tag","embeddable":true,"href":"https:\/\/colimdo.org\/wp-api\/wp\/v2\/tags?post=55221"}],"curies":[{"name":"wp","href":"https:\/\/api.w.org\/{rel}","templated":true}]}}