{"id":55228,"date":"2019-06-07T15:39:05","date_gmt":"2019-06-07T15:39:05","guid":{"rendered":"https:\/\/colimdo.org\/?p=55228"},"modified":"2019-06-07T15:46:43","modified_gmt":"2019-06-07T15:46:43","slug":"anuncian-torneo-baloncesto-san-juan","status":"publish","type":"post","link":"https:\/\/colimdo.org\/noticias\/anuncian-torneo-baloncesto-san-juan\/","title":{"rendered":"Anuncian Torneo de Baloncesto U-23 en San Juan"},"content":{"rendered":"<p>SAN JUAN.- La Asociaci\u00f3n de Baloncesto de San Juan dar\u00e1 inicio este viernes 7, al \u201cIV Torneo de Baloncesto U23 de San Juan, el cual se extender\u00e1 hasta el 14 del mes de Julio.<\/p>\n<p>El dirigente deportivo Edgar Omar Ram\u00edrez Read quien preside el Comit\u00e9 Organizador, explic\u00f3 que m\u00e1s de 100 atletas miembros de los diferentes clubes de la estar\u00e1n accionando en dicho torneo, el cual ser\u00e1 celebrado en el Polideportivo Ramon A. Pasian en el Complejo Deportivo de esta ciudad. Ram\u00edrez se\u00f1al\u00f3 que este ser\u00e1 un evento dedicado a la familia, por lo que contar\u00e1 con las garant\u00edas necesarias de seguridad y sana competencia.<\/p>\n<p>Este torneo contar\u00e1 de 12 jornadas de juego durante la serie regular, dos semifinal en 3-2 y una gran final al mejor de cinco partidos.<\/p>\n<p>Como ya es tradicional en los eventos del baloncesto el respaldo empresarial ha sido muy t\u00edmido y a pesar de solicitar a varias instituciones y empresas. Sin embargo, manifest\u00f3, que har\u00e1n todo lo posible para salir adelante y brindar a la poblaci\u00f3n sanjuanera un evento de calidad y una oportunidad de sano esparcimiento. Contando, como siempre, con el apoyo de la fanaticada y de algunas empresas locales que respaldan dentro de sus posibilidades las actividades deportivas como son: Hotel La Posada y Agua Sublime, MIDEREC, y los medios de comunicaci\u00f3n en San Juan<br \/>\nEn IV versi\u00f3n del Torneo de Baloncesto U23 de San Juan, participaran los equipos: Juan Herrera, Los S\u00f3nicos, Los Trinitarios, Los Zorros, La Fe, Suns-Multif, Aborigen y Los Toros.<\/p>\n<p>Adem\u00e1s de Ram\u00edrez Read, el Comit\u00e9 Organizador est\u00e1 conformado por; Periodista Antoni Fern\u00e1ndez, Wilfredo Fern\u00e1ndez, H\u00e9ctor Figuereo quien ser\u00e1 el Director T\u00e9cnico.<\/p>\n<p>Los partidos, en doble cartelera, ser\u00e1n viernes y s\u00e1bado desde las 7:30 y domingo en la ma\u00f1ana.<\/p>\n","protected":false},"excerpt":{"rendered":"<p>Este torneo contar\u00e1 de 12 jornadas de juego durante la serie regular, dos semifinal en 3-2 y una gran final al mejor de cinco partidos. <\/p>\n","protected":false},"author":19,"featured_media":55227,"comment_status":"closed","ping_status":"closed","sticky":false,"template":"","format":"standard","meta":[],"categories":[2,60],"tags":[],"acf":[],"_links":{"self":[{"href":"https:\/\/colimdo.org\/wp-api\/wp\/v2\/posts\/55228"}],"collection":[{"href":"https:\/\/colimdo.org\/wp-api\/wp\/v2\/posts"}],"about":[{"href":"https:\/\/colimdo.org\/wp-api\/wp\/v2\/types\/post"}],"author":[{"embeddable":true,"href":"https:\/\/colimdo.org\/wp-api\/wp\/v2\/users\/19"}],"replies":[{"embeddable":true,"href":"https:\/\/colimdo.org\/wp-api\/wp\/v2\/comments?post=55228"}],"version-history":[{"count":3,"href":"https:\/\/colimdo.org\/wp-api\/wp\/v2\/posts\/55228\/revisions"}],"predecessor-version":[{"id":55233,"href":"https:\/\/colimdo.org\/wp-api\/wp\/v2\/posts\/55228\/revisions\/55233"}],"wp:featuredmedia":[{"embeddable":true,"href":"https:\/\/colimdo.org\/wp-api\/wp\/v2\/media\/55227"}],"wp:attachment":[{"href":"https:\/\/colimdo.org\/wp-api\/wp\/v2\/media?parent=55228"}],"wp:term":[{"taxonomy":"category","embeddable":true,"href":"https:\/\/colimdo.org\/wp-api\/wp\/v2\/categories?post=55228"},{"taxonomy":"post_tag","embeddable":true,"href":"https:\/\/colimdo.org\/wp-api\/wp\/v2\/tags?post=55228"}],"curies":[{"name":"wp","href":"https:\/\/api.w.org\/{rel}","templated":true}]}}