{"id":55249,"date":"2019-06-07T17:14:38","date_gmt":"2019-06-07T17:14:38","guid":{"rendered":"https:\/\/colimdo.org\/?p=55249"},"modified":"2019-06-07T17:14:38","modified_gmt":"2019-06-07T17:14:38","slug":"stephanie-frappart-primera-mujer-arbitro-ascendida-la-ligue-1-francesa","status":"publish","type":"post","link":"https:\/\/colimdo.org\/noticias\/stephanie-frappart-primera-mujer-arbitro-ascendida-la-ligue-1-francesa\/","title":{"rendered":"St\u00e9phanie Frappart, primera mujer \u00e1rbitro ascendida a la \u201cLigue 1\u201d francesa"},"content":{"rendered":"<p>EL NUEVO DIARIO, FRANCIA.- St\u00e9phanie Frappart ser\u00e1 a partir de la pr\u00f3xima temporada la primera mujer \u00e1rbitra designada para la \u201cLigue 1\u201d, la divisi\u00f3n de honor en Francia, anunci\u00f3 este viernes la Federaci\u00f3n Francesa de F\u00fatbol (FFF).<\/p>\n<p>Frappart, de 35 a\u00f1os de edad, una habitual de la \u2018Ligue 2\u2019desde 2014, ya arbitr\u00f3 excepcionalmente el pasado 28 de abril el Amiens-Estrasburgo (0-0) de la \u201cLigue 1\u201d, como preparaci\u00f3n para el mundial femenino, para el que figura como una de las selecLa FFF explic\u00f3 en un comunicado que ella es, junto con J\u00e9r\u00e9mie Pignard, uno de los dos \u00e1rbitros que ascienden para la temporada 2019-2020, tras la proposici\u00f3n de la Comisi\u00f3n Federal de \u00c1rbitros.<\/p>\n<p>La noticia se anunci\u00f3 en la primera jornada del Mundial de F\u00fatbol femenino 2019 que se celebra en Francia.<br \/>\n\u201cSer la primera mujer \u00e1rbitra de \u2018Ligue 1\u2019 es a la vez un privilegio, un honor y una responsabilidad. Espero que mi recorrido anime a las chicas j\u00f3venes a interesarse por el arbitraje\u201d, se\u00f1al\u00f3 Frappart.<br \/>\n\u201cSu promoci\u00f3n es antes que nada el fruto de su trabajo, su rigor y sus cualidades\u201d, recalc\u00f3 Eric Borghini, presidente de la Comisi\u00f3n Federal de los \u00c1rbitros.cionadas por la FIFA.<\/p>\n<p>&nbsp;<\/p>\n","protected":false},"excerpt":{"rendered":"<p>La noticia se anunci\u00f3 en la primera jornada del Mundial de F\u00fatbol femenino 2019 que se celebra en Francia.<\/p>\n","protected":false},"author":19,"featured_media":55250,"comment_status":"closed","ping_status":"closed","sticky":false,"template":"","format":"standard","meta":[],"categories":[2,60],"tags":[],"acf":[],"_links":{"self":[{"href":"https:\/\/colimdo.org\/wp-api\/wp\/v2\/posts\/55249"}],"collection":[{"href":"https:\/\/colimdo.org\/wp-api\/wp\/v2\/posts"}],"about":[{"href":"https:\/\/colimdo.org\/wp-api\/wp\/v2\/types\/post"}],"author":[{"embeddable":true,"href":"https:\/\/colimdo.org\/wp-api\/wp\/v2\/users\/19"}],"replies":[{"embeddable":true,"href":"https:\/\/colimdo.org\/wp-api\/wp\/v2\/comments?post=55249"}],"version-history":[{"count":1,"href":"https:\/\/colimdo.org\/wp-api\/wp\/v2\/posts\/55249\/revisions"}],"predecessor-version":[{"id":55251,"href":"https:\/\/colimdo.org\/wp-api\/wp\/v2\/posts\/55249\/revisions\/55251"}],"wp:featuredmedia":[{"embeddable":true,"href":"https:\/\/colimdo.org\/wp-api\/wp\/v2\/media\/55250"}],"wp:attachment":[{"href":"https:\/\/colimdo.org\/wp-api\/wp\/v2\/media?parent=55249"}],"wp:term":[{"taxonomy":"category","embeddable":true,"href":"https:\/\/colimdo.org\/wp-api\/wp\/v2\/categories?post=55249"},{"taxonomy":"post_tag","embeddable":true,"href":"https:\/\/colimdo.org\/wp-api\/wp\/v2\/tags?post=55249"}],"curies":[{"name":"wp","href":"https:\/\/api.w.org\/{rel}","templated":true}]}}