{"id":55259,"date":"2019-06-07T17:48:07","date_gmt":"2019-06-07T17:48:07","guid":{"rendered":"https:\/\/colimdo.org\/?p=55259"},"modified":"2019-06-07T17:48:27","modified_gmt":"2019-06-07T17:48:27","slug":"tejeda-cesse-cree-curso-administracion-deportiva-favorece-al-dirigente","status":"publish","type":"post","link":"https:\/\/colimdo.org\/noticias\/tejeda-cesse-cree-curso-administracion-deportiva-favorece-al-dirigente\/","title":{"rendered":"Tejeda Cess\u00e9 cree curso administraci\u00f3n deportiva favorece al dirigente"},"content":{"rendered":"<p><strong>BOCA Chica<\/strong>. El presidente de la Federaci\u00f3n Dominicana de Remo y Canotaje (Fedoreca), periodista Osiris Tejeda Cess\u00e9, consider\u00f3 que el programa de capacitaci\u00f3n es una gran oportunidad que se le da al dirigente deportivo para crecer.<\/p>\n<p>Tejeda Cess\u00e9 se expres\u00f3 en esos t\u00e9rminos en la apertura oficial del curso Administraci\u00f3n Deportiva dirigido a dirigentes de las federaciones de vela y remo y canotaje con el auspicio del programa Solidaridad Ol\u00edmpica del Comit\u00e9 Ol\u00edmpico Dominicano (COD).<\/p>\n<p>\u201cEl curso de administraci\u00f3n deportiva es una gran oportunidad que se le da al dirigente deportivo de crecer y aprender\u201d, indic\u00f3 Tejeda Cess\u00e9.<\/p>\n<p>En el inicio de la actividad, en uno de los salones del hotel Wallace, en Boca Chica, intervino el licenciado Gilberto Garc\u00eda, director del programa Solidaridad Ol\u00edmpica del COD.<\/p>\n<p>\u201cEste programa est\u00e1 cumpliendo con los requerimientos de capacitaci\u00f3n que demanda el deporte de la Rep\u00fablica Dominicana\u201d, asegur\u00f3 Garc\u00eda.<\/p>\n<p>Mientras, el licenciado Luis Mej\u00eda, presidente del COD, exhort\u00f3 a los participantes en el curso a sacar beneficios y buenos resultados en varios aspectos.<\/p>\n<p>En el encuentro de capacitaci\u00f3n tambi\u00e9n estuvieron el profesor Luis Elpidio Cumba, director de la Academia Ol\u00edmpica del COD, y Rafael Villalona, integrante de la comisi\u00f3n que dirige el programa Solidaridad Ol\u00edmpica.<\/p>\n<p>La primera fase tuvo la participaci\u00f3n de Luis Elpidio Cumba y el licenciado Luis Mej\u00eda como expositores con los temas historia del olimpismo y perfil del dirigente deportivo, respectivamente.<\/p>\n<p>Para este s\u00e1bado la jornada de trabajo incluir\u00e1 aspectos como coordinaci\u00f3n de reuniones y procedimiento parlamentario, medicina deportiva y dopaje, marketing deportivo, constituci\u00f3n y protecci\u00f3n de las organizaciones ol\u00edmpicas, as\u00ed como valores del olimpismo e importancia del deporte en la sociedad.<\/p>\n<p>El cierre del encuentro de capacitaci\u00f3n est\u00e1 pautado para el domingo con los temas como gesti\u00f3n financiera, gobernanza, y concluida la prueba, la entrega de los diplomas.<\/p>\n","protected":false},"excerpt":{"rendered":"<p>El encuentro de capacitaci\u00f3n, auspiciado por Solidaridad Ol\u00edmpica del COD, est\u00e1 dirigido a las federaciones de Vela, Remo y Canotaje.<\/p>\n","protected":false},"author":13,"featured_media":55260,"comment_status":"closed","ping_status":"closed","sticky":false,"template":"","format":"standard","meta":[],"categories":[2,60],"tags":[],"acf":[],"_links":{"self":[{"href":"https:\/\/colimdo.org\/wp-api\/wp\/v2\/posts\/55259"}],"collection":[{"href":"https:\/\/colimdo.org\/wp-api\/wp\/v2\/posts"}],"about":[{"href":"https:\/\/colimdo.org\/wp-api\/wp\/v2\/types\/post"}],"author":[{"embeddable":true,"href":"https:\/\/colimdo.org\/wp-api\/wp\/v2\/users\/13"}],"replies":[{"embeddable":true,"href":"https:\/\/colimdo.org\/wp-api\/wp\/v2\/comments?post=55259"}],"version-history":[{"count":1,"href":"https:\/\/colimdo.org\/wp-api\/wp\/v2\/posts\/55259\/revisions"}],"predecessor-version":[{"id":55261,"href":"https:\/\/colimdo.org\/wp-api\/wp\/v2\/posts\/55259\/revisions\/55261"}],"wp:featuredmedia":[{"embeddable":true,"href":"https:\/\/colimdo.org\/wp-api\/wp\/v2\/media\/55260"}],"wp:attachment":[{"href":"https:\/\/colimdo.org\/wp-api\/wp\/v2\/media?parent=55259"}],"wp:term":[{"taxonomy":"category","embeddable":true,"href":"https:\/\/colimdo.org\/wp-api\/wp\/v2\/categories?post=55259"},{"taxonomy":"post_tag","embeddable":true,"href":"https:\/\/colimdo.org\/wp-api\/wp\/v2\/tags?post=55259"}],"curies":[{"name":"wp","href":"https:\/\/api.w.org\/{rel}","templated":true}]}}