{"id":55271,"date":"2019-06-07T18:23:44","date_gmt":"2019-06-07T18:23:44","guid":{"rendered":"https:\/\/colimdo.org\/?p=55271"},"modified":"2019-06-07T18:23:53","modified_gmt":"2019-06-07T18:23:53","slug":"surfista-marcel-rene-gough-clasifica-los-juegos-panamericanos","status":"publish","type":"post","link":"https:\/\/colimdo.org\/noticias\/surfista-marcel-rene-gough-clasifica-los-juegos-panamericanos\/","title":{"rendered":"Surfista Marcel Ren\u00e9 Gough clasifica a los Juegos Panamericanos"},"content":{"rendered":"<p><strong>SANTO DOMINGO<\/strong>. Marcel Ren\u00e9 Gough obtuvo su clasificaci\u00f3n para las competencias de Surf de los Juegos Panamericanos que tendr\u00e1n lugar del 26 de julio al 11 de agosto de este a\u00f1o.<\/p>\n<p>Marcel Ren\u00e9 Gough, quien es profesor de surf e integrante del seleccionado nacional de la modalidad longboard, es la segunda plaza que obtiene la Rep\u00fablica Dominicana en el deporte de Surf para la cita multideportiva.<\/p>\n<p>Rene Gough, oriundo de Boca Chica, tambi\u00e9n est\u00e1 clasificado para los Juegos Panamericanos de Lima Alexander de la Cruz, en la modalidad Standup Paddleboard.<\/p>\n<p>Las competencias de surf de los Juegos Panamericanos est\u00e1n pautadas para llevarse a cabo del 29 de julio al 3 de agosto en la playa de Punta Rocas, Punta Negra, Per\u00fa.<\/p>\n<p>\u201cDeseamos mucho \u00e9xito y buenas olas durante este pr\u00f3ximo trayecto hacia el evento amateur m\u00e1s importante de las Am\u00e9ricas\u201d, manifest\u00f3 la Federaci\u00f3n Dominicana de Surf (Fedosurf), a trav\u00e9s de una nota informativa.<\/p>\n<p>&nbsp;<\/p>\n","protected":false},"excerpt":{"rendered":"<p>El deportista logr\u00f3 el segundo boleto del surf para los Juegos Panamericanos de Lima, Per\u00fa. El primero en clasificar fue Alexander de la Cruz<\/p>\n","protected":false},"author":13,"featured_media":55274,"comment_status":"closed","ping_status":"closed","sticky":false,"template":"","format":"standard","meta":[],"categories":[2,60],"tags":[],"acf":[],"_links":{"self":[{"href":"https:\/\/colimdo.org\/wp-api\/wp\/v2\/posts\/55271"}],"collection":[{"href":"https:\/\/colimdo.org\/wp-api\/wp\/v2\/posts"}],"about":[{"href":"https:\/\/colimdo.org\/wp-api\/wp\/v2\/types\/post"}],"author":[{"embeddable":true,"href":"https:\/\/colimdo.org\/wp-api\/wp\/v2\/users\/13"}],"replies":[{"embeddable":true,"href":"https:\/\/colimdo.org\/wp-api\/wp\/v2\/comments?post=55271"}],"version-history":[{"count":1,"href":"https:\/\/colimdo.org\/wp-api\/wp\/v2\/posts\/55271\/revisions"}],"predecessor-version":[{"id":55275,"href":"https:\/\/colimdo.org\/wp-api\/wp\/v2\/posts\/55271\/revisions\/55275"}],"wp:featuredmedia":[{"embeddable":true,"href":"https:\/\/colimdo.org\/wp-api\/wp\/v2\/media\/55274"}],"wp:attachment":[{"href":"https:\/\/colimdo.org\/wp-api\/wp\/v2\/media?parent=55271"}],"wp:term":[{"taxonomy":"category","embeddable":true,"href":"https:\/\/colimdo.org\/wp-api\/wp\/v2\/categories?post=55271"},{"taxonomy":"post_tag","embeddable":true,"href":"https:\/\/colimdo.org\/wp-api\/wp\/v2\/tags?post=55271"}],"curies":[{"name":"wp","href":"https:\/\/api.w.org\/{rel}","templated":true}]}}