{"id":55278,"date":"2019-06-07T18:36:38","date_gmt":"2019-06-07T18:36:38","guid":{"rendered":"https:\/\/colimdo.org\/?p=55278"},"modified":"2019-06-07T18:36:47","modified_gmt":"2019-06-07T18:36:47","slug":"luis-fonsi-sera-artista-estelar-inauguracion-los-panamericanos","status":"publish","type":"post","link":"https:\/\/colimdo.org\/noticias\/luis-fonsi-sera-artista-estelar-inauguracion-los-panamericanos\/","title":{"rendered":"Luis Fonsi ser\u00e1 el artista estelar inauguraci\u00f3n de los Panamericanos"},"content":{"rendered":"<p><strong>AFP<\/strong>. Ya se revel\u00f3 qui\u00e9n es el artista que se encargar\u00e1 de presentarse en el Estadio Nacional en la ceremonia inaugural de los XVIII Juegos Panamericanos de la historia,\u00a0Lima 2019.<\/p>\n<p>La Organizaci\u00f3n Deportiva Panamericana (Panam Sports) y Lima 2019 escogieron al destacado cantautor, productor y m\u00fasico de Puerto Rico Luis Fonsi como artista principal de la Ceremonia que dar\u00e1 el vamos al evento multideportivo m\u00e1s importante del continente.<\/p>\n<p>Con una impecable trayectoria art\u00edstica de 20 a\u00f1os, Luis Fonsi es sin duda, uno de los artistas de habla hispana m\u00e1s importantes del \u00e1mbito musical en el mundo, que ha roto innumerables r\u00e9cords, ha logrado cruzar fronteras y romper la barrera del idioma con gracias a sus \u00e9xitos radiales \u201cDespacito,\u201d \u201c\u00c9chame La Culpa,\u201d e \u201cImposible,\u201d entre otros.<\/p>\n<p>\u201cComo Panam Sports nos llena de orgullo que un cantante tan importante y tan reconocido en el mundo entero, sea parte de nuestra ceremonia inaugural. Cuando lo contactamos no dud\u00f3 ni un segundo, al contrario, con la sencillez que siempre se le ha caracterizado, acept\u00f3 de inmediato y est\u00e1 muy entusiasmado de venir a Lima y poder compartir con el pueblo peruano y con todos los deportistas de Am\u00e9rica\u201d, se\u00f1al\u00f3 el presidente de Panam Sports, Neven Ilic.<\/p>\n<p>\u201cPer\u00fa es conocido por su cultura hist\u00f3rica, pero las Ceremonias de Lima 2019 tambi\u00e9n mostrar\u00e1n que nuestro pa\u00eds est\u00e1 en el coraz\u00f3n de la cultura juvenil panamericana. Estamos agradecidos por el apoyo de Fonsi para ayudar a Lima 2019 a celebrar el deporte y sus valores junto a miles de j\u00f3venes artistas peruanos, mientras damos la bienvenida a los mejores atletas del continente. Juntos cambiar\u00e1n, positivamente, no solo la forma en que las Am\u00e9ricas ven al Per\u00fa, sino la forma en que todo el mundo nos ve a nosotros\u201d, manifest\u00f3 el Director Ejecutivo de Lima 2019, Carlos Neuhaus.<\/p>\n<p>Por su parte, el galardonado artista que lanz\u00f3 recientemente su nuevo \u00e9xito \u201cDate la Vuelta\u201d junto a Nicky Jam y Sebasti\u00e1n Yatra, indic\u00f3 que \u201cEstoy realmente emocionado de poder participar de una fiesta tan grande como los Juegos Panamericanos. Me encanta el deporte, admiro a los atletas y les prometo desde ya, que ser\u00e1 una gran noche.\u201d<\/p>\n<p>El pr\u00f3ximo 26 de julio a las 19 horas en el Estadio Nacional de Lima, est\u00e1 programada la Ceremonia Inaugural de los Juegos Panamericanos de Lima 2019, en una fiesta que incluir\u00e1 un repaso de la historia del Per\u00fa, mucho colorido, m\u00fasica tradicional peruana, fuegos artificiales, el desfile de las delegaciones de las 41 naciones participantes y ahora, la gran voz y el talento de uno de los cantantes m\u00e1s importantes de los \u00faltimos a\u00f1os en el mundo, como lo es Luis Fonsi.<\/p>\n","protected":false},"excerpt":{"rendered":"<p>El int\u00e9rprete de \u00e9xitos como Despacito ser\u00e1 el encargado de cerrar la noche de inauguraci\u00f3n el pr\u00f3ximo 26 de julio en el Estadio Nacional de Lima.<\/p>\n","protected":false},"author":13,"featured_media":55279,"comment_status":"closed","ping_status":"closed","sticky":false,"template":"","format":"standard","meta":[],"categories":[2,60],"tags":[],"acf":[],"_links":{"self":[{"href":"https:\/\/colimdo.org\/wp-api\/wp\/v2\/posts\/55278"}],"collection":[{"href":"https:\/\/colimdo.org\/wp-api\/wp\/v2\/posts"}],"about":[{"href":"https:\/\/colimdo.org\/wp-api\/wp\/v2\/types\/post"}],"author":[{"embeddable":true,"href":"https:\/\/colimdo.org\/wp-api\/wp\/v2\/users\/13"}],"replies":[{"embeddable":true,"href":"https:\/\/colimdo.org\/wp-api\/wp\/v2\/comments?post=55278"}],"version-history":[{"count":1,"href":"https:\/\/colimdo.org\/wp-api\/wp\/v2\/posts\/55278\/revisions"}],"predecessor-version":[{"id":55281,"href":"https:\/\/colimdo.org\/wp-api\/wp\/v2\/posts\/55278\/revisions\/55281"}],"wp:featuredmedia":[{"embeddable":true,"href":"https:\/\/colimdo.org\/wp-api\/wp\/v2\/media\/55279"}],"wp:attachment":[{"href":"https:\/\/colimdo.org\/wp-api\/wp\/v2\/media?parent=55278"}],"wp:term":[{"taxonomy":"category","embeddable":true,"href":"https:\/\/colimdo.org\/wp-api\/wp\/v2\/categories?post=55278"},{"taxonomy":"post_tag","embeddable":true,"href":"https:\/\/colimdo.org\/wp-api\/wp\/v2\/tags?post=55278"}],"curies":[{"name":"wp","href":"https:\/\/api.w.org\/{rel}","templated":true}]}}