{"id":55291,"date":"2019-06-08T00:24:35","date_gmt":"2019-06-08T00:24:35","guid":{"rendered":"https:\/\/colimdo.org\/?p=55291"},"modified":"2019-06-08T00:24:35","modified_gmt":"2019-06-08T00:24:35","slug":"atletismo-hara-este-sabado-torneo-clasificatorio-los-panam-u-18-u-20","status":"publish","type":"post","link":"https:\/\/colimdo.org\/noticias\/atletismo-hara-este-sabado-torneo-clasificatorio-los-panam-u-18-u-20\/","title":{"rendered":"Atletismo har\u00e1 este s\u00e1bado Torneo Clasificatorio para los Panam U-18 y U-20"},"content":{"rendered":"<p class=\"x_MsoNormal\">SANTO DOMINGO.- M\u00e1s de 150 atletas en las categor\u00edas U-18 y U-20 en Atletismo, con la participaci\u00f3n de competidores de Martinica, \u00a0estar\u00e1n este s\u00e1bado buscando las marcas de clasificaci\u00f3n para los Campeonatos Panamericanos que se celebraran en Quer\u00e9taro, M\u00e9xico y en Costa Rica en este verano. El evento se iniciara a las nueve de la ma\u00f1ana en la Pista del Centro Ol\u00edmpico.<\/p>\n<p class=\"x_MsoNormal\">La informaci\u00f3n la dio a conocer el presidente de la Federaci\u00f3n Dominicana de Asociaciones de Atletismo, licenciado Gerardo Suero Correa.<\/p>\n<p class=\"x_MsoNormal\">Indico que la justa cuenta con el apoyo de la NACAC, la Federaci\u00f3n Internacional de Atletismo y el Ministerio de Deportes.<\/p>\n<p class=\"x_MsoNormal\">Sostuvo que se competir\u00e1n en las modalidades de 100, 200, 400 y 800 metros, asi como en salto largo, el impulso de la bala y la jabalina. \u201cUnos 22 atletas de la hermana Isla de Martinica vendr\u00e1n a exponer su calidad en este Torneo Invitacional\u201d, dijo.<\/p>\n<p class=\"x_MsoNormal\">\u201cAqu\u00ed estar\u00e1 el relevo generacional para los pr\u00f3ximos ciclos ol\u00edmpicos, cuyos j\u00f3venes vienen a buscar su clasificaci\u00f3n para los Torneos Panamericanos en U-18 y U-20\u201d, enfatizo Suero Correa.<\/p>\n<p class=\"x_MsoNormal\">Dijo que esta muy confiado en la labor que har\u00e1n los atletas dominicanos en esas categor\u00edas.<\/p>\n","protected":false},"excerpt":{"rendered":"<p>La informaci\u00f3n la dio a conocer el presidente de la Federaci\u00f3n Dominicana de Asociaciones de Atletismo, licenciado Gerardo Suero Correa.<\/p>\n","protected":false},"author":16,"featured_media":55293,"comment_status":"closed","ping_status":"closed","sticky":false,"template":"","format":"standard","meta":[],"categories":[2,60],"tags":[],"acf":[],"_links":{"self":[{"href":"https:\/\/colimdo.org\/wp-api\/wp\/v2\/posts\/55291"}],"collection":[{"href":"https:\/\/colimdo.org\/wp-api\/wp\/v2\/posts"}],"about":[{"href":"https:\/\/colimdo.org\/wp-api\/wp\/v2\/types\/post"}],"author":[{"embeddable":true,"href":"https:\/\/colimdo.org\/wp-api\/wp\/v2\/users\/16"}],"replies":[{"embeddable":true,"href":"https:\/\/colimdo.org\/wp-api\/wp\/v2\/comments?post=55291"}],"version-history":[{"count":1,"href":"https:\/\/colimdo.org\/wp-api\/wp\/v2\/posts\/55291\/revisions"}],"predecessor-version":[{"id":55294,"href":"https:\/\/colimdo.org\/wp-api\/wp\/v2\/posts\/55291\/revisions\/55294"}],"wp:featuredmedia":[{"embeddable":true,"href":"https:\/\/colimdo.org\/wp-api\/wp\/v2\/media\/55293"}],"wp:attachment":[{"href":"https:\/\/colimdo.org\/wp-api\/wp\/v2\/media?parent=55291"}],"wp:term":[{"taxonomy":"category","embeddable":true,"href":"https:\/\/colimdo.org\/wp-api\/wp\/v2\/categories?post=55291"},{"taxonomy":"post_tag","embeddable":true,"href":"https:\/\/colimdo.org\/wp-api\/wp\/v2\/tags?post=55291"}],"curies":[{"name":"wp","href":"https:\/\/api.w.org\/{rel}","templated":true}]}}