{"id":55310,"date":"2019-06-08T03:00:08","date_gmt":"2019-06-08T03:00:08","guid":{"rendered":"https:\/\/colimdo.org\/?p=55310"},"modified":"2019-06-08T03:00:08","modified_gmt":"2019-06-08T03:00:08","slug":"cientos-ninos-participaran-torneo-benjamin-jarabacoa","status":"publish","type":"post","link":"https:\/\/colimdo.org\/noticias\/cientos-ninos-participaran-torneo-benjamin-jarabacoa\/","title":{"rendered":"Cientos de ni\u00f1os participar\u00e1n en torneo benjam\u00edn de Jarabacoa"},"content":{"rendered":"<p>JARABACOA.- Unos 150 ni\u00f1os de este municipio participar\u00e1n en la primera versi\u00f3n del torneo benjam\u00edn Jarabacoa 2019, con el auspicio del alcalde Carlos Jos\u00e9 S\u00e1nchez Pineda y el deportista Andr\u00e9s Dilonex.<\/p>\n<p>El torneo se jugar\u00e1 entre los d\u00edas 19, 20 y 21 de julio, y tendr\u00e1 a Luis Karoba Cruz como el director t\u00e9cnico y organizador del evento.<\/p>\n<p>Los chicos entre las edades de 8 a 12 a\u00f1os de edad, participar\u00e1n en las disciplinas baloncesto, voleibol, f\u00fatbol y b\u00e9isbol. La justa se jugar\u00e1 en las instalaciones del multiuso Andr\u00e9s Dilonex, en baloncesto y voleibol, mientras que en el Oratorio Centro Juvenil Don Bosco se jugar\u00e1 f\u00fatbol y b\u00e9isbol.<\/p>\n<p>\u201cEl objetivo de este primer evento es incentivar a los j\u00f3venes de temprana edad para que se motiven a practicar los deportes\u201d, inform\u00f3 Dilonex, un deportista de larga data de Jarabacoa.<\/p>\n<p>\u201cQueremos que crezcan con entusiasmo del deporte\u2026que vean gente que los ayudan y para eso estamos\u201d, agreg\u00f3. \u201cEsa es la edad que se pueden hacer deporte y que se dejan llevar\u201d, a\u00f1ade.<\/p>\n<p>Adem\u00e1s de Carlos Jos\u00e9 S\u00e1nchez y Dilonex, la empresa Credimeta y otros empresarios apoyar\u00e1n el evento.<\/p>\n<div class=\"wpcnt\"><\/div>\n","protected":false},"excerpt":{"rendered":"<p>El torneo se jugar\u00e1 entre los d\u00edas 19, 20 y 21 de julio, y tendr\u00e1 a Luis Karoba Cruz como el director t\u00e9cnico y organizador del evento.<\/p>\n","protected":false},"author":16,"featured_media":55312,"comment_status":"closed","ping_status":"closed","sticky":false,"template":"","format":"standard","meta":[],"categories":[2,60],"tags":[],"acf":[],"_links":{"self":[{"href":"https:\/\/colimdo.org\/wp-api\/wp\/v2\/posts\/55310"}],"collection":[{"href":"https:\/\/colimdo.org\/wp-api\/wp\/v2\/posts"}],"about":[{"href":"https:\/\/colimdo.org\/wp-api\/wp\/v2\/types\/post"}],"author":[{"embeddable":true,"href":"https:\/\/colimdo.org\/wp-api\/wp\/v2\/users\/16"}],"replies":[{"embeddable":true,"href":"https:\/\/colimdo.org\/wp-api\/wp\/v2\/comments?post=55310"}],"version-history":[{"count":2,"href":"https:\/\/colimdo.org\/wp-api\/wp\/v2\/posts\/55310\/revisions"}],"predecessor-version":[{"id":55313,"href":"https:\/\/colimdo.org\/wp-api\/wp\/v2\/posts\/55310\/revisions\/55313"}],"wp:featuredmedia":[{"embeddable":true,"href":"https:\/\/colimdo.org\/wp-api\/wp\/v2\/media\/55312"}],"wp:attachment":[{"href":"https:\/\/colimdo.org\/wp-api\/wp\/v2\/media?parent=55310"}],"wp:term":[{"taxonomy":"category","embeddable":true,"href":"https:\/\/colimdo.org\/wp-api\/wp\/v2\/categories?post=55310"},{"taxonomy":"post_tag","embeddable":true,"href":"https:\/\/colimdo.org\/wp-api\/wp\/v2\/tags?post=55310"}],"curies":[{"name":"wp","href":"https:\/\/api.w.org\/{rel}","templated":true}]}}