{"id":55321,"date":"2019-06-08T13:40:04","date_gmt":"2019-06-08T13:40:04","guid":{"rendered":"https:\/\/colimdo.org\/?p=55321"},"modified":"2019-06-08T13:40:04","modified_gmt":"2019-06-08T13:40:04","slug":"roger-federer-arcilla-nadie-se-acerca-nadal","status":"publish","type":"post","link":"https:\/\/colimdo.org\/noticias\/roger-federer-arcilla-nadie-se-acerca-nadal\/","title":{"rendered":"Roger Federer: &#8220;Sobre arcilla nadie se acerca a Nadal&#8221;"},"content":{"rendered":"<p>EFE. El suizo Roger Federer alab\u00f3 al espa\u00f1ol Rafael Nadal, su verdugo este viernes en semifinales de Roland Garros, del que dijo que, sobre tierra batida, &#8220;nadie se acerca a su tenis&#8221;.<\/p>\n<p>&#8220;Sobre arcilla nadie se acerca remotamente a su tenis. Ya no s\u00e9 con qui\u00e9n entrenarme para poder afrontarle&#8221;, asegur\u00f3 el helv\u00e9tico tras perder contra Nadal por 6-3, 6-4 y 6-2.<\/p>\n<p>Federer ni confirm\u00f3 ni desminti\u00f3 si volver\u00e1 a jugar este torneo, al que volvi\u00f3 tras tres temporadas de ausencia.<\/p>\n<p>&#8220;Ha sido un gran torneo, quiz\u00e1 he tenido el mayor apoyo del p\u00fablico que he visto en toda mi carrera, tanto en los entrenamientos, en los partidos, como fuera de la pista. Creo que he jugado bien&#8221;, indic\u00f3.<\/p>\n<p>&#8220;Me ha sorprendido haber llegado tan lejos. Todav\u00eda no s\u00e9 qu\u00e9 pasar\u00e1 el a\u00f1o pr\u00f3ximo. Pero me divierte jugar en tierra batida. No descarto nada&#8221;, coment\u00f3.<\/p>\n","protected":false},"excerpt":{"rendered":"<p>El suizo Roger Federer alab\u00f3 al espa\u00f1ol Rafael Nadal, su verdugo este viernes en semifinales de Roland Garros.<\/p>\n","protected":false},"author":16,"featured_media":55323,"comment_status":"closed","ping_status":"closed","sticky":false,"template":"","format":"standard","meta":[],"categories":[2,60],"tags":[],"acf":[],"_links":{"self":[{"href":"https:\/\/colimdo.org\/wp-api\/wp\/v2\/posts\/55321"}],"collection":[{"href":"https:\/\/colimdo.org\/wp-api\/wp\/v2\/posts"}],"about":[{"href":"https:\/\/colimdo.org\/wp-api\/wp\/v2\/types\/post"}],"author":[{"embeddable":true,"href":"https:\/\/colimdo.org\/wp-api\/wp\/v2\/users\/16"}],"replies":[{"embeddable":true,"href":"https:\/\/colimdo.org\/wp-api\/wp\/v2\/comments?post=55321"}],"version-history":[{"count":1,"href":"https:\/\/colimdo.org\/wp-api\/wp\/v2\/posts\/55321\/revisions"}],"predecessor-version":[{"id":55324,"href":"https:\/\/colimdo.org\/wp-api\/wp\/v2\/posts\/55321\/revisions\/55324"}],"wp:featuredmedia":[{"embeddable":true,"href":"https:\/\/colimdo.org\/wp-api\/wp\/v2\/media\/55323"}],"wp:attachment":[{"href":"https:\/\/colimdo.org\/wp-api\/wp\/v2\/media?parent=55321"}],"wp:term":[{"taxonomy":"category","embeddable":true,"href":"https:\/\/colimdo.org\/wp-api\/wp\/v2\/categories?post=55321"},{"taxonomy":"post_tag","embeddable":true,"href":"https:\/\/colimdo.org\/wp-api\/wp\/v2\/tags?post=55321"}],"curies":[{"name":"wp","href":"https:\/\/api.w.org\/{rel}","templated":true}]}}