{"id":55369,"date":"2019-06-09T17:52:40","date_gmt":"2019-06-09T17:52:40","guid":{"rendered":"https:\/\/colimdo.org\/?p=55369"},"modified":"2019-06-09T17:52:40","modified_gmt":"2019-06-09T17:52:40","slug":"inauguran-bayaguana-torneo-zonal-lucha-novatos","status":"publish","type":"post","link":"https:\/\/colimdo.org\/noticias\/inauguran-bayaguana-torneo-zonal-lucha-novatos\/","title":{"rendered":"Inauguran en Bayaguana torneo zonal de lucha para novatos"},"content":{"rendered":"<div>BAYAGUANA.- El XXV Torneo zonal de Lucha Ol\u00edmpica para Novatos fue inaugurado aqu\u00ed con la participaci\u00f3n de cerca de un centenar de atletas de las provincias Santo Domingo, San Pedro de Macor\u00eds y Bayaguana.<\/div>\n<div>\n<p class=\"x_ydp14b664a7MsoNormal\">El evento tiene lugar en el polideportivo de aqu\u00ed y es organizado por la Federaci\u00f3n Dominicana de Lucha, en coordinaci\u00f3n con la Asociaci\u00f3n de Lucha de esta provincia y forma parte del Proyecto de Desarrollo y fomento de este deporte que lleva a cabo el organismo rector de lucha en el pa\u00eds.<\/p>\n<p class=\"x_ydp14b664a7MsoNormal\">En torneo se desarrolla en todas las categor\u00edas y los ganadores de los primeros lugares asistir\u00e1n al Torneo Nacional para Novatos que tendr\u00e1 lugar en el mes de agosto en en el pabell\u00f3n de lucha del centro ol\u00edmpico Juan Pablo Duarte.<\/p>\n<p class=\"x_ydp14b664a7MsoNormal\">Durante la ceremonia de inauguraci\u00f3n el dirigente Isaac Ogando, presidente de la Uni\u00f3n Deportiva de Bayaguana, dio el silbato de honor y estuvo acompa\u00f1ado del licenciado Antonio Acosta, presidente de la Federaci\u00f3n Dominicana de Lucha y por el se\u00f1or Flori\u00e1n, representante del Ministerio de Deportes.<\/p>\n<p class=\"x_ydp14b664a7MsoNormal\">El torneo tiene el respaldo del Ministerio de Deportes, el Comit\u00e9 Ol\u00edmpico Dominicano y el programa Creso.<\/p>\n<p class=\"x_ydp14b664a7MsoNormal\">El licenciado Acosta dijo que este evento forma parte del programa para la captaci\u00f3n de nuevos talentos que en el futuro formar\u00e1n parte de las selecciones nacionales.<\/p>\n<p class=\"x_ydp14b664a7MsoNormal\">Inform\u00f3 que un evento similar se estar\u00e1 llevando a cabo el 23 de junio pr\u00f3ximo en la ciudad de Santiago Rodr\u00edguez, con la participaci\u00f3n de atletas novatos de tres provincias de la zona.<\/p>\n<p class=\"x_ydp14b664a7MsoNormal\">\u201cEste es un torneo que venimos desarrollando desde hace 25 a\u00f1os y hemos tenido muy buenos resultados porque hemos desarrollado nuestros atletas que nos han representado en diferentes eventos internacionales\u201d, dijo Acosta durante su discurso de inauguraci\u00f3n.<\/p>\n<\/div>\n","protected":false},"excerpt":{"rendered":"<p>El evento tiene lugar en el polideportivo de aqu\u00ed y es organizado por la Federaci\u00f3n Dominicana de Lucha, en coordinaci\u00f3n con la Asociaci\u00f3n de Lucha de esta provincia y forma parte del Proyecto de Desarrollo y fomento de este deporte que lleva a cabo el organismo rector de lucha en el pa\u00eds.<\/p>\n","protected":false},"author":16,"featured_media":55370,"comment_status":"closed","ping_status":"closed","sticky":false,"template":"","format":"standard","meta":[],"categories":[2,60],"tags":[],"acf":[],"_links":{"self":[{"href":"https:\/\/colimdo.org\/wp-api\/wp\/v2\/posts\/55369"}],"collection":[{"href":"https:\/\/colimdo.org\/wp-api\/wp\/v2\/posts"}],"about":[{"href":"https:\/\/colimdo.org\/wp-api\/wp\/v2\/types\/post"}],"author":[{"embeddable":true,"href":"https:\/\/colimdo.org\/wp-api\/wp\/v2\/users\/16"}],"replies":[{"embeddable":true,"href":"https:\/\/colimdo.org\/wp-api\/wp\/v2\/comments?post=55369"}],"version-history":[{"count":1,"href":"https:\/\/colimdo.org\/wp-api\/wp\/v2\/posts\/55369\/revisions"}],"predecessor-version":[{"id":55372,"href":"https:\/\/colimdo.org\/wp-api\/wp\/v2\/posts\/55369\/revisions\/55372"}],"wp:featuredmedia":[{"embeddable":true,"href":"https:\/\/colimdo.org\/wp-api\/wp\/v2\/media\/55370"}],"wp:attachment":[{"href":"https:\/\/colimdo.org\/wp-api\/wp\/v2\/media?parent=55369"}],"wp:term":[{"taxonomy":"category","embeddable":true,"href":"https:\/\/colimdo.org\/wp-api\/wp\/v2\/categories?post=55369"},{"taxonomy":"post_tag","embeddable":true,"href":"https:\/\/colimdo.org\/wp-api\/wp\/v2\/tags?post=55369"}],"curies":[{"name":"wp","href":"https:\/\/api.w.org\/{rel}","templated":true}]}}