{"id":55377,"date":"2019-06-09T17:58:33","date_gmt":"2019-06-09T17:58:33","guid":{"rendered":"https:\/\/colimdo.org\/?p=55377"},"modified":"2019-06-09T17:58:33","modified_gmt":"2019-06-09T17:58:33","slug":"los-angeles-del-centro-espanol-ganan-los-campeonatos-natacion-santiago","status":"publish","type":"post","link":"https:\/\/colimdo.org\/noticias\/los-angeles-del-centro-espanol-ganan-los-campeonatos-natacion-santiago\/","title":{"rendered":"Los \u00c1ngeles del Centro Espa\u00f1ol ganan los Campeonatos de Nataci\u00f3n de Santiago"},"content":{"rendered":"<p>SANTIAGO.- El equipo de Los \u00c1ngeles del Centro Espa\u00f1ol se coronaron en la versi\u00f3n XX de los Campeonatos de Nataci\u00f3n en Santiago, evento que reuni\u00f3 250 nadadores de esta provincia, organizado por la Asociaci\u00f3n de Nataci\u00f3n de Santiago, con el aval de Federaci\u00f3n Dominicana de Nataci\u00f3n (Fedona).<\/p>\n<p>Los atletas compitieron en las edades de siete y hasta los 24 a\u00f1os, en cinco categor\u00edas: 7-8, 9-10, 13-14, 15 y m\u00e1s, entre infantil y juvenil.<\/p>\n<p>Los campeones de Los \u00c1ngeles del Centro Espa\u00f1ol obtuvieron el primer lugar tras acumular\u00a0\u00a01,192 puntos, secundado por la Academia Deportiva Acu\u00e1tica, que sum\u00f3 892. Los Tiburones Santiago Country Club tercero, con 415 tantos.<\/p>\n<p>Josu\u00e9 Dom\u00ednguez fue el m\u00e1s destacado en la rama masculina, con 721 puntos FINA (Federaci\u00f3n Internacional de Nataci\u00f3n), mientras que Isabella Hern\u00e1ndez fue la mejor en la femenina, con 651.<\/p>\n<p><span lang=\"ES-DO\">\u00a0<\/span>Hern\u00e1ndez, de la categor\u00eda 13-14 hizo el r\u00e9cord nacional con 2:49.46. El r\u00e9cord anterior era de Eliana Paulino, en 200 metros en pecho.<\/p>\n<p>El evento, que tuvo el apoyo del Ministerio de Deportes, participaron siete equipos de esa provincia, y se desarroll\u00f3 en el Complejo Acu\u00e1tico de la Pucamaima.<\/p>\n<p><span lang=\"ES-DO\">\u00a0<\/span>Adri\u00e1n Marte fue el director t\u00e9cnico del evento.<\/p>\n","protected":false},"excerpt":{"rendered":"<p>Dom\u00ednguez y Hern\u00e1ndez fueron los m\u00e1s destacados individuales en ambas ramas.<\/p>\n","protected":false},"author":16,"featured_media":55375,"comment_status":"closed","ping_status":"closed","sticky":false,"template":"","format":"standard","meta":[],"categories":[2,60],"tags":[],"acf":[],"_links":{"self":[{"href":"https:\/\/colimdo.org\/wp-api\/wp\/v2\/posts\/55377"}],"collection":[{"href":"https:\/\/colimdo.org\/wp-api\/wp\/v2\/posts"}],"about":[{"href":"https:\/\/colimdo.org\/wp-api\/wp\/v2\/types\/post"}],"author":[{"embeddable":true,"href":"https:\/\/colimdo.org\/wp-api\/wp\/v2\/users\/16"}],"replies":[{"embeddable":true,"href":"https:\/\/colimdo.org\/wp-api\/wp\/v2\/comments?post=55377"}],"version-history":[{"count":1,"href":"https:\/\/colimdo.org\/wp-api\/wp\/v2\/posts\/55377\/revisions"}],"predecessor-version":[{"id":55379,"href":"https:\/\/colimdo.org\/wp-api\/wp\/v2\/posts\/55377\/revisions\/55379"}],"wp:featuredmedia":[{"embeddable":true,"href":"https:\/\/colimdo.org\/wp-api\/wp\/v2\/media\/55375"}],"wp:attachment":[{"href":"https:\/\/colimdo.org\/wp-api\/wp\/v2\/media?parent=55377"}],"wp:term":[{"taxonomy":"category","embeddable":true,"href":"https:\/\/colimdo.org\/wp-api\/wp\/v2\/categories?post=55377"},{"taxonomy":"post_tag","embeddable":true,"href":"https:\/\/colimdo.org\/wp-api\/wp\/v2\/tags?post=55377"}],"curies":[{"name":"wp","href":"https:\/\/api.w.org\/{rel}","templated":true}]}}