{"id":55380,"date":"2019-06-09T18:00:22","date_gmt":"2019-06-09T18:00:22","guid":{"rendered":"https:\/\/colimdo.org\/?p=55380"},"modified":"2019-06-09T18:00:22","modified_gmt":"2019-06-09T18:00:22","slug":"haran-homenaje-yuderqui-contreras-motivo-retiro","status":"publish","type":"post","link":"https:\/\/colimdo.org\/noticias\/haran-homenaje-yuderqui-contreras-motivo-retiro\/","title":{"rendered":"Har\u00e1n homenaje a Yuderqui Contreras con motivo de su retiro"},"content":{"rendered":"<p class=\"x_ydpa7655c6eMsoNormal\">SANTO DOMINGO.- La atleta Yuderqui Contreras ser\u00e1 objeto de un gran homenaje con motivo de su retiro de la actividad como atleta de levantamiento de pesas.<\/p>\n<p class=\"x_ydpa7655c6eMsoNormal\">El acto est\u00e1 programado para llevarse a cabo el pr\u00f3ximo mi\u00e9rcoles, 12 de junio, en el sal\u00f3n Juan Ulises Garc\u00eda Saleta (Wiche), del Comit\u00e9 Ol\u00edmpico Dominicano.<\/p>\n<p class=\"x_ydpa7655c6eMsoNormal\">El gran acto de despedida es organizado por el Comit\u00e9 Ol\u00edmpico Dominicano (COD), el Ministerio de Deportes (Miderec) y la Federaci\u00f3n Dominicana de Levantamiento de Pesas.<\/p>\n<p class=\"x_ydpa7655c6eMsoNormal\">Al acto han sido invitadas una serie de personalidades vinculadas al deporte, as\u00ed como empresarios del grupo Creso.<\/p>\n<p class=\"x_ydpa7655c6eMsoNormal\">Contreras, quien se destac\u00f3 en los eventos internacionales de levantamiento de pesas, gan\u00f3 medall de oro en los Juegos Panamericanos de R\u00edo de Janeiro en 2007 y tambi\u00e9n en los Panamericano de Guadalajara 2011, fue medallista de plata en los Panamericanos de Santo Domingo 2003.<\/p>\n<p class=\"x_ydpa7655c6eMsoNormal\">Tambi\u00e9n fue ganadora de medalla de oro en los Juegos Centroamericanos y del aribe de Cartagena 2006 y Mayaguez 2010 y obtuvo presea de plata en Veracruz 2014.<\/p>\n<p class=\"x_ydpa7655c6eMsoNormal\">Contreras tambi\u00e9n sobresali\u00f3 en los campeonatos panamericanos de halterofilia, especialmente en los celebrados en la ciudad portuaria de El Callao, Per\u00fa 2008 y en Isla Margarita 2013, en los que tambi\u00e9n gan\u00f3 medalla de oro. En los campeonatos mundiales de levantamiento de pesas efectuados en la ciudad turca de Antalya en 2010 y en Doha, Qatar 2005, ganando presea de bronce.<\/p>\n<p class=\"x_ydpa7655c6eMsoNormal\">Tuvo una presencia destacada en otros eventos regionales internacionales como es el Festival de Levantamiento de Pesas, donde gan\u00f3 varias medallas.<\/p>\n<p class=\"x_ydpa7655c6eMsoNormal\">En el pa\u00eds gan\u00f3 varios eventos nacionales y tambi\u00e9n fue figura notable en los campeonatos de ese deporte que celebra el C\u00edrculo Deportivo de las Fuerzas Armadas y la Polic\u00eda Nacional.<\/p>\n<p class=\"x_ydpa7655c6eMsoNormal\">\n","protected":false},"excerpt":{"rendered":"<p>El acto est\u00e1 programado para llevarse a cabo el pr\u00f3ximo mi\u00e9rcoles, 12 de junio, en el sal\u00f3n Juan Ulises Garc\u00eda Saleta (Wiche), del Comit\u00e9 Ol\u00edmpico Dominicano.<\/p>\n","protected":false},"author":16,"featured_media":55371,"comment_status":"closed","ping_status":"closed","sticky":false,"template":"","format":"standard","meta":[],"categories":[2,60],"tags":[],"acf":[],"_links":{"self":[{"href":"https:\/\/colimdo.org\/wp-api\/wp\/v2\/posts\/55380"}],"collection":[{"href":"https:\/\/colimdo.org\/wp-api\/wp\/v2\/posts"}],"about":[{"href":"https:\/\/colimdo.org\/wp-api\/wp\/v2\/types\/post"}],"author":[{"embeddable":true,"href":"https:\/\/colimdo.org\/wp-api\/wp\/v2\/users\/16"}],"replies":[{"embeddable":true,"href":"https:\/\/colimdo.org\/wp-api\/wp\/v2\/comments?post=55380"}],"version-history":[{"count":1,"href":"https:\/\/colimdo.org\/wp-api\/wp\/v2\/posts\/55380\/revisions"}],"predecessor-version":[{"id":55382,"href":"https:\/\/colimdo.org\/wp-api\/wp\/v2\/posts\/55380\/revisions\/55382"}],"wp:featuredmedia":[{"embeddable":true,"href":"https:\/\/colimdo.org\/wp-api\/wp\/v2\/media\/55371"}],"wp:attachment":[{"href":"https:\/\/colimdo.org\/wp-api\/wp\/v2\/media?parent=55380"}],"wp:term":[{"taxonomy":"category","embeddable":true,"href":"https:\/\/colimdo.org\/wp-api\/wp\/v2\/categories?post=55380"},{"taxonomy":"post_tag","embeddable":true,"href":"https:\/\/colimdo.org\/wp-api\/wp\/v2\/tags?post=55380"}],"curies":[{"name":"wp","href":"https:\/\/api.w.org\/{rel}","templated":true}]}}