{"id":55385,"date":"2019-06-09T22:37:00","date_gmt":"2019-06-09T22:37:00","guid":{"rendered":"https:\/\/colimdo.org\/?p=55385"},"modified":"2019-06-09T22:37:00","modified_gmt":"2019-06-09T22:37:00","slug":"lewis-hamilton-refuerza-liderato-al-ganar-canada","status":"publish","type":"post","link":"https:\/\/colimdo.org\/noticias\/lewis-hamilton-refuerza-liderato-al-ganar-canada\/","title":{"rendered":"Lewis Hamilton refuerza liderato al ganar en Canad\u00e1"},"content":{"rendered":"<p>CANAD\u00c1, EFE.- El ingl\u00e9s Lewis Hamilton (Mercedes) reforz\u00f3 su liderato en el Mundial de F\u00f3rmula Uno al ganar este domingo el Gran Premio de Canad\u00e1, el s\u00e9ptimo del a\u00f1o, que se disput\u00f3 en el circuito Gilles Villeneuve de Montreal.<\/p>\n<p>Hamilton se benefici\u00f3 de la sanci\u00f3n de cinco segundos de penalizaci\u00f3n impuesta a Sebastian Vettel (Ferrari), que fue el primero en cruzar la meta, y gan\u00f3 por delante del alem\u00e1n una carrera en el que el otro Ferrari, el del monegasco Charles Leclerc, concluy\u00f3 tercero.<\/p>\n<p>El capit\u00e1n ingl\u00e9s de Mercedes, que firm\u00f3 su quinta victoria del a\u00f1o, la septuag\u00e9sima octava en la categor\u00eda reina, lidera ahora el Mundial con 162 puntos, 29 m\u00e1s que su compa\u00f1ero Valtteri Bottas.<\/p>\n<p>El finland\u00e9s concluy\u00f3 cuarto este domingo en Montreal una prueba en la que, nada m\u00e1s bajarse de su monoplaza, Vettel, que se hab\u00eda quejado por comunicaci\u00f3n interna de radio, considerando injusta su sanci\u00f3n -por regresar de forma incorrecta a pista, despu\u00e9s de haberse salido en una escapatoria al ser presionado por Hamilton-, fue directo a ver a los comisarios de carrera, presumiblemente para mostrarles su enfado por esa decisi\u00f3n.<\/p>\n<p>El holand\u00e9s Max Verstappen (Red Bull) acab\u00f3 quinto, por delante de los dos pilotos de Renault, el australiano Daniel Ricciardo y el alem\u00e1n Nico H\u00fclkenberg; una prueba en la que el espa\u00f1ol se qued\u00f3 fuera de los puntos, al acabar und\u00e9cimo.<\/p>\n<p>El otro piloto de Red Bull, el franc\u00e9s Pierre Gasly, acab\u00f3 octavo en la pista de la isla artificial de Notre Dame -que ba\u00f1a el r\u00edo San Lorenzo-, donde tambi\u00e9n entraron en los puntos el canadiense Lance Stroll (Racing Point) y el ruso Daniil Kvyat (Toro Rosso), noveno y d\u00e9cimo, respectivamente.<\/p>\n<p>El mexicano Sergio P\u00e9rez (Racing Point) concluy\u00f3 duod\u00e9cimo y no puntu\u00f3 este domingo en Montreal.<\/p>\n<p>El pr\u00f3ximo Gran Premio, el de Francia, el octavo de los 21 que integran el Mundial, se disputar\u00e1 el pr\u00f3ximo 23 de junio en el circuito de Le Castellet.<\/p>\n","protected":false},"excerpt":{"rendered":"<p>Hamilton se benefici\u00f3 de la sanci\u00f3n de cinco segundos de penalizaci\u00f3n impuesta a Sebastian Vettel (Ferrari), que fue el primero en cruzar la meta, y gan\u00f3 por delante del alem\u00e1n una carrera en el que el otro Ferrari, el del monegasco Charles Leclerc, concluy\u00f3 tercero.<\/p>\n","protected":false},"author":16,"featured_media":55386,"comment_status":"closed","ping_status":"closed","sticky":false,"template":"","format":"standard","meta":[],"categories":[2,60],"tags":[],"acf":[],"_links":{"self":[{"href":"https:\/\/colimdo.org\/wp-api\/wp\/v2\/posts\/55385"}],"collection":[{"href":"https:\/\/colimdo.org\/wp-api\/wp\/v2\/posts"}],"about":[{"href":"https:\/\/colimdo.org\/wp-api\/wp\/v2\/types\/post"}],"author":[{"embeddable":true,"href":"https:\/\/colimdo.org\/wp-api\/wp\/v2\/users\/16"}],"replies":[{"embeddable":true,"href":"https:\/\/colimdo.org\/wp-api\/wp\/v2\/comments?post=55385"}],"version-history":[{"count":1,"href":"https:\/\/colimdo.org\/wp-api\/wp\/v2\/posts\/55385\/revisions"}],"predecessor-version":[{"id":55387,"href":"https:\/\/colimdo.org\/wp-api\/wp\/v2\/posts\/55385\/revisions\/55387"}],"wp:featuredmedia":[{"embeddable":true,"href":"https:\/\/colimdo.org\/wp-api\/wp\/v2\/media\/55386"}],"wp:attachment":[{"href":"https:\/\/colimdo.org\/wp-api\/wp\/v2\/media?parent=55385"}],"wp:term":[{"taxonomy":"category","embeddable":true,"href":"https:\/\/colimdo.org\/wp-api\/wp\/v2\/categories?post=55385"},{"taxonomy":"post_tag","embeddable":true,"href":"https:\/\/colimdo.org\/wp-api\/wp\/v2\/tags?post=55385"}],"curies":[{"name":"wp","href":"https:\/\/api.w.org\/{rel}","templated":true}]}}