{"id":55394,"date":"2019-06-09T23:51:16","date_gmt":"2019-06-09T23:51:16","guid":{"rendered":"https:\/\/colimdo.org\/?p=55394"},"modified":"2019-06-09T23:51:16","modified_gmt":"2019-06-09T23:51:16","slug":"seleccion-futbol-sub-23-llega-animada-segundo-juego-ante-cuba","status":"publish","type":"post","link":"https:\/\/colimdo.org\/noticias\/seleccion-futbol-sub-23-llega-animada-segundo-juego-ante-cuba\/","title":{"rendered":"Selecci\u00f3n F\u00fatbol Sub-23 llega animada a segundo juego ante Cuba"},"content":{"rendered":"<div>SANTO DOMINGO.- La Selecci\u00f3n Nacional de F\u00fatbol Sub-23 y la selecci\u00f3n absoluta de Cuba jugar\u00e1n en la noche del lunes su segundo partido amistoso. El choque iniciar\u00e1 a las 7:00 de la noche en el Estadio Ol\u00edmpico F\u00e9lix S\u00e1nchez.<\/div>\n<div>\nLas boletas tienen un costo de 100 pesos, a beneficio de la Fundaci\u00f3n ST. Jude.<\/div>\n<div>\nEl equipo dominicano tiene los \u00e1nimos en alto tras su triunfo 1-0 el pasado viernes en el primer desaf\u00edo celebrado en el Estadio Panamericano de San Crist\u00f3bal.<\/div>\n<div>\n&#8220;El resultado del viernes ha subido los \u00e1nimos y vamos por igual o mejor resultado. Tenemos muy buenos jugadores de posiciones y somos un equipo trabajador, humilde, sin egos. Los muchachos se ayudan y se complementan&#8221;, manifest\u00f3 el director t\u00e9cnico de la selecci\u00f3n dominicana, el espa\u00f1ol David Gonz\u00e1lez, quien debut\u00f3 en ese rol.<\/div>\n<div>\nDorny Romero anot\u00f3 el \u00fanico gol que defini\u00f3 el partido en el minutos 45+1. En un contraataque Erarlin Reyes sirvi\u00f3 un pase perfecto al pie derecho de Romero que golpe\u00f3 con autoridad. El bal\u00f3n choc\u00f3 con el travesa\u00f1o para luego entrar a la red cubana.<\/div>\n<div>\n&#8220;Salimos a ganar el viernes y as\u00ed mismo vamos a salir hoy. El equipo esta super bien y ese resultado lo confirma&#8221;, dijo Romero, nativo de El Seibo.<\/div>\n<div>\nMientras Rep\u00fablica Dominicana fogue\u00f3 su equipo Sub-23, Cuba jug\u00f3 con su selecci\u00f3n absoluta en preparaci\u00f3n para la Copa Oro. El conjunto quisqueyano se prepara para el torneo Preol\u00edmpico Sub-23 de Concacaf, a celebrarse en el mes de julio.<\/div>\n","protected":false},"excerpt":{"rendered":"<p>El partido se jugar\u00e1  este lunes en el estadio Ol\u00edmpico F\u00e9lix S\u00e1nchez <\/p>\n","protected":false},"author":16,"featured_media":55395,"comment_status":"closed","ping_status":"closed","sticky":false,"template":"","format":"standard","meta":[],"categories":[2,60],"tags":[],"acf":[],"_links":{"self":[{"href":"https:\/\/colimdo.org\/wp-api\/wp\/v2\/posts\/55394"}],"collection":[{"href":"https:\/\/colimdo.org\/wp-api\/wp\/v2\/posts"}],"about":[{"href":"https:\/\/colimdo.org\/wp-api\/wp\/v2\/types\/post"}],"author":[{"embeddable":true,"href":"https:\/\/colimdo.org\/wp-api\/wp\/v2\/users\/16"}],"replies":[{"embeddable":true,"href":"https:\/\/colimdo.org\/wp-api\/wp\/v2\/comments?post=55394"}],"version-history":[{"count":1,"href":"https:\/\/colimdo.org\/wp-api\/wp\/v2\/posts\/55394\/revisions"}],"predecessor-version":[{"id":55396,"href":"https:\/\/colimdo.org\/wp-api\/wp\/v2\/posts\/55394\/revisions\/55396"}],"wp:featuredmedia":[{"embeddable":true,"href":"https:\/\/colimdo.org\/wp-api\/wp\/v2\/media\/55395"}],"wp:attachment":[{"href":"https:\/\/colimdo.org\/wp-api\/wp\/v2\/media?parent=55394"}],"wp:term":[{"taxonomy":"category","embeddable":true,"href":"https:\/\/colimdo.org\/wp-api\/wp\/v2\/categories?post=55394"},{"taxonomy":"post_tag","embeddable":true,"href":"https:\/\/colimdo.org\/wp-api\/wp\/v2\/tags?post=55394"}],"curies":[{"name":"wp","href":"https:\/\/api.w.org\/{rel}","templated":true}]}}