{"id":55413,"date":"2019-06-10T14:36:19","date_gmt":"2019-06-10T14:36:19","guid":{"rendered":"https:\/\/colimdo.org\/?p=55413"},"modified":"2019-06-10T14:36:50","modified_gmt":"2019-06-10T14:36:50","slug":"murio-batalla-arquero-seleccion-siria-combatia-filas-del-isis","status":"publish","type":"post","link":"https:\/\/colimdo.org\/noticias\/murio-batalla-arquero-seleccion-siria-combatia-filas-del-isis\/","title":{"rendered":"Muri\u00f3 en batalla arquero selecci\u00f3n Siria que combat\u00eda en filas del ISIS"},"content":{"rendered":"<p>El m\u00edtico (para los sirios) arquero\u00a0Abel Basset Al Sarut, uno de los s\u00edmbolos de la revuelta antigubernamental de Siria y\u00a0miembro de un grupo de insurgentes que jur\u00f3 lealtad al ISIS, muri\u00f3 el s\u00e1bado en una acci\u00f3n de guerra.<\/p>\n<p>La muerte del ex futbolista, que se desempe\u00f1\u00f3\u00a0en el seleccionado\u00a0Sub 21 de Siria, fue anunciada por milicianos que combaten contra el ej\u00e9rcito del presidente Bashar Al Assad a lo largo de la l\u00ednea del frente entre Hama e Idlib.<\/p>\n<p>Originario de Homs, en el centro de Siria, Sarut, de 27 a\u00f1os,\u00a0dirigi\u00f3 los primeros meses de protestas pac\u00edficas\u00a0en la tercera ciudad de Siria y centro de las manifestaciones contra el r\u00e9gimen.\u00a0M\u00e1s tarde se uni\u00f3 a la lucha armada,\u00a0pero fue tenazmente perseguido al norte de Homs en 2014, tras la ca\u00edda de la ciudad en manos de las fuerzas del gobierno.\u00a0Muchos lo llamaron &#8220;el arquero de la revuelta siria&#8221;.<\/p>\n<p>Al Sarut estuvo forzado a mudarse a Turqu\u00eda el a\u00f1o pasado, pero luego regres\u00f3 a la regi\u00f3n de Idlib, donde\u00a0termin\u00f3 uni\u00e9ndose a un grupo de combatientes locales.<\/p>\n<p>Muri\u00f3 luego de ser herido ayer en la regi\u00f3n entre Hama e Idlib, seg\u00fan los reportes.<\/p>\n<p>Su prometedora carrera deportiva hab\u00eda finalizado en 2011, cuando\u00a0cambi\u00f3 los guantes de arquero\u00a0por las armas,\u00a0s\u00edmbolo de que el f\u00fatbol sirio no ha escapado tampoco a la peor imagen de una guerra que desangra al pa\u00eds.<\/p>\n<p>Al Sarut jugaba como arquero\u00a0en el Al Karamah, el club de la ciudad de Homs, y lleg\u00f3 a debutar con las categor\u00edas inferiores Sub 17 y Sub 20 en el seleccionado de su pa\u00eds, incluso\u00a0qued\u00f3 segundo en la clasificaci\u00f3n de mejor arquero\u00a0asi\u00e1tico\u00a0de esas divisiones.<\/p>\n<p>Considerado como una celebridad en su pa\u00eds,\u00a0el futbolista se uni\u00f3 a las protestas contra el r\u00e9gimen.\u00a0Jugar al f\u00fatbol de manera profesional en Siria no significa ganar dinero, pero s\u00ed tener alta popularidad, as\u00ed que\u00a0muchos siguieron sus ideas.<\/p>\n<p>Tomada por los rebeldes al comienzo del conflicto, su Homs natal era una de las ciudades m\u00e1s opositoras a Al Assad, por lo que fue el lugar perfecto para que un joven deportista descontento con sus gobernantes decidiera ir un paso m\u00e1s all\u00e1 y\u00a0pasar a la lucha armada. Incluso lleg\u00f3 a estar detenido por sus frecuentes manifestaciones sobre el gobierno.<\/p>\n<p>Sus allegados dicen que\u00a0durante esos per\u00edodos en prisi\u00f3n\u00a0recrudeci\u00f3 su ira contra el sistema y el punto de inflexi\u00f3n se produjo cuando\u00a0el ej\u00e9rcito derrib\u00f3 la casa en la que viv\u00eda con sus hermanos\u00a0y otros opositores.<\/p>\n<p>Entonces\u00a0cre\u00f3 su propio comando: La Brigada de los M\u00e1rtires de Al Bayada,\u00a0lo que lo transform\u00f3 para sus seguidores en h\u00e9roe de la revoluci\u00f3n.Fue blanco de tres intentos de asesinato, de los que consigui\u00f3 escapar.<\/p>\n<p>Sus allegados dicen que\u00a0era un experto en el campo de batalla. Sus apariciones p\u00fablicas comenzaron a ser asiduas y\u00a0termin\u00f3 ingresando en las filas del ISIS, al que jur\u00f3 lealtad. Tras eso,\u00a0encabezaba mitines desbordados de multitudes.<\/p>\n<p>&#8220;D\u00e9jennos en paz, es lo que necesitamos&#8221;, insist\u00eda desde el meg\u00e1fono en referencia a los aliados del gobierno de Al Assad.<\/p>\n<p>Su historia fue llevada al cine\u00a0por el director sirio y residente en Alemania, Talal Derki, quien relat\u00f3 en un documental la guerra de Siria a trav\u00e9s de la trayectoria de Baset Al Sarut entre 2011 y 2013.<\/p>\n<p>El filme &#8220;Return to Homs&#8221; narra desde los inicios del arquero\u00a0en el activismo terrorista hasta la destrucci\u00f3n de esa ciudad. En una imagen de la pel\u00edcula\u00a0se ve a Al Sarut disparando con precisi\u00f3n un arma de largo alcance.<\/p>\n","protected":false},"excerpt":{"rendered":"<p>Abel Basset Al Sarut, de 27 a\u00f1os, fue miembro de un grupo de insurgentes que jur\u00f3 lealtad al grupo terrorista ISIS<\/p>\n","protected":false},"author":13,"featured_media":55414,"comment_status":"closed","ping_status":"closed","sticky":false,"template":"","format":"standard","meta":[],"categories":[2,60],"tags":[],"acf":[],"_links":{"self":[{"href":"https:\/\/colimdo.org\/wp-api\/wp\/v2\/posts\/55413"}],"collection":[{"href":"https:\/\/colimdo.org\/wp-api\/wp\/v2\/posts"}],"about":[{"href":"https:\/\/colimdo.org\/wp-api\/wp\/v2\/types\/post"}],"author":[{"embeddable":true,"href":"https:\/\/colimdo.org\/wp-api\/wp\/v2\/users\/13"}],"replies":[{"embeddable":true,"href":"https:\/\/colimdo.org\/wp-api\/wp\/v2\/comments?post=55413"}],"version-history":[{"count":1,"href":"https:\/\/colimdo.org\/wp-api\/wp\/v2\/posts\/55413\/revisions"}],"predecessor-version":[{"id":55415,"href":"https:\/\/colimdo.org\/wp-api\/wp\/v2\/posts\/55413\/revisions\/55415"}],"wp:featuredmedia":[{"embeddable":true,"href":"https:\/\/colimdo.org\/wp-api\/wp\/v2\/media\/55414"}],"wp:attachment":[{"href":"https:\/\/colimdo.org\/wp-api\/wp\/v2\/media?parent=55413"}],"wp:term":[{"taxonomy":"category","embeddable":true,"href":"https:\/\/colimdo.org\/wp-api\/wp\/v2\/categories?post=55413"},{"taxonomy":"post_tag","embeddable":true,"href":"https:\/\/colimdo.org\/wp-api\/wp\/v2\/tags?post=55413"}],"curies":[{"name":"wp","href":"https:\/\/api.w.org\/{rel}","templated":true}]}}