{"id":55427,"date":"2019-06-10T18:16:48","date_gmt":"2019-06-10T18:16:48","guid":{"rendered":"https:\/\/colimdo.org\/?p=55427"},"modified":"2019-06-10T18:17:01","modified_gmt":"2019-06-10T18:17:01","slug":"chanlatte-pondera-programas-capacitacion-administracion-deportiva","status":"publish","type":"post","link":"https:\/\/colimdo.org\/noticias\/chanlatte-pondera-programas-capacitacion-administracion-deportiva\/","title":{"rendered":"Chanlatte pondera programas capacitaci\u00f3n Administraci\u00f3n Deportiva"},"content":{"rendered":"<p><strong>SANTO DOMINGO<\/strong>. El licenciado Luis Chanlatte ponder\u00f3 que los programas de capacitaci\u00f3n que lleva a cabo el Comit\u00e9 Ol\u00edmpico Dominicano (COD) permiten definir responsabilidades de los dirigentes en diferentes \u00e1reas.<\/p>\n<p>El dirigente deportivo manifest\u00f3 que gracias al programa Solidaridad Ol\u00edmpica, el COD puede impulsar y llevar a cabo jornadas de capacitaci\u00f3n como el curso Administraci\u00f3n Deportiva que se concluy\u00f3 el domingo en el hotel Whala, en Boca Chica, dirigido a personal de las federaciones de vela, as\u00ed como de remo y canotaje.<\/p>\n<p>\u201cCreo que este curso (administraci\u00f3n deportiva) lo necesitan todas las federaciones. Lo que estamos buscando es definir responsabilidades en las diferentes \u00e1reas\u201d, agreg\u00f3 Chanlatte, quien tambi\u00e9n es miembro de la comisi\u00f3n que dirige el programa Solidaridad Ol\u00edmpica.<\/p>\n<p>En la clausura del curso Administraci\u00f3n Deportiva, auspiciado por el programa Solidaridad Ol\u00edmpica del COD, la joven Neffert Pe\u00f1a, de vela, tuvo palabras de agradecimiento en representaci\u00f3n de los participantes en el encuentro de capacitaci\u00f3n.<\/p>\n<p>Mientras, el licenciado Gilberto Garc\u00eda, director ejecutivo de Solidaridad Ol\u00edmpica, dej\u00f3 saber a los participantes en el curso \u201cque son parte importante en los resultados que el movimiento ol\u00edmpico consiga\u201d.<\/p>\n<p>\u201cSe requiere que los miembros de las diferentes federaciones deportivas nacionales se capaciten\u201d, indic\u00f3.<\/p>\n<p>Luego del acto protocolar, Chanlatte y Luis Elpidio Cumba procedieron a la entrega de los certificados a los participantes en el curso.<\/p>\n<p>En el cierre estuvieron adem\u00e1s Enmanuel Garc\u00eda Musa, quien estuvo como expositor en la jornada final, as\u00ed como Osiris Tejeda Cess\u00e9, presidente de la Federaci\u00f3n Dominicana de Remo y Canotaje (Fedoreca).<\/p>\n","protected":false},"excerpt":{"rendered":"<p>El Comit\u00e9 Ol\u00edmpico, a trav\u00e9s de Solidaridad Ol\u00edmpica, ofreci\u00f3 el curso Administraci\u00f3n Deportiva a personal de las federaciones de Vela, Remo y Canotaje.<\/p>\n","protected":false},"author":13,"featured_media":55428,"comment_status":"closed","ping_status":"closed","sticky":false,"template":"","format":"standard","meta":[],"categories":[2,60],"tags":[],"acf":[],"_links":{"self":[{"href":"https:\/\/colimdo.org\/wp-api\/wp\/v2\/posts\/55427"}],"collection":[{"href":"https:\/\/colimdo.org\/wp-api\/wp\/v2\/posts"}],"about":[{"href":"https:\/\/colimdo.org\/wp-api\/wp\/v2\/types\/post"}],"author":[{"embeddable":true,"href":"https:\/\/colimdo.org\/wp-api\/wp\/v2\/users\/13"}],"replies":[{"embeddable":true,"href":"https:\/\/colimdo.org\/wp-api\/wp\/v2\/comments?post=55427"}],"version-history":[{"count":1,"href":"https:\/\/colimdo.org\/wp-api\/wp\/v2\/posts\/55427\/revisions"}],"predecessor-version":[{"id":55429,"href":"https:\/\/colimdo.org\/wp-api\/wp\/v2\/posts\/55427\/revisions\/55429"}],"wp:featuredmedia":[{"embeddable":true,"href":"https:\/\/colimdo.org\/wp-api\/wp\/v2\/media\/55428"}],"wp:attachment":[{"href":"https:\/\/colimdo.org\/wp-api\/wp\/v2\/media?parent=55427"}],"wp:term":[{"taxonomy":"category","embeddable":true,"href":"https:\/\/colimdo.org\/wp-api\/wp\/v2\/categories?post=55427"},{"taxonomy":"post_tag","embeddable":true,"href":"https:\/\/colimdo.org\/wp-api\/wp\/v2\/tags?post=55427"}],"curies":[{"name":"wp","href":"https:\/\/api.w.org\/{rel}","templated":true}]}}