{"id":55433,"date":"2019-06-10T20:31:20","date_gmt":"2019-06-10T20:31:20","guid":{"rendered":"https:\/\/colimdo.org\/?p=55433"},"modified":"2019-06-10T20:31:20","modified_gmt":"2019-06-10T20:31:20","slug":"cbpc-lamenta-situacion-atraviesa-david-ortiz","status":"publish","type":"post","link":"https:\/\/colimdo.org\/noticias\/cbpc-lamenta-situacion-atraviesa-david-ortiz\/","title":{"rendered":"CBPC lamenta situaci\u00f3n atraviesa David Ortiz"},"content":{"rendered":"<p class=\"x_gmail-x_MsoNormal\">SANTO DOMINGO. El Comisionado de Beisbol Profesional del Caribe, licenciado Juan Francisco Puello Herrera, lament\u00f3 profundamente la situaci\u00f3n de salud que atraviesa la gloria del b\u00e9isbol de Grandes Ligas, David Ortiz, quien recibiera un balazo el pasado domingo en un centro de diversi\u00f3n en la margen oriental.<\/p>\n<p class=\"x_gmail-x_MsoNormal\">Puello afirm\u00f3 que espera que el Dios todopoderoso pueda devolverle la salud lo m\u00e1s pronto posible al ex-toletero de los Medias Rojas Boston.<\/p>\n<p class=\"x_gmail-x_MsoNormal\">Record\u00f3 que David Ortiz es un verdadero Icono del B\u00e9isbol de Latinoamericana, ya que tuvo grandes jornadas en pasadas Series del Caribe cuando representaba a la Rep\u00fablica Dominicana en esos Cl\u00e1sicos Invernales.<\/p>\n<p class=\"x_gmail-x_MsoNormal\">&#8220;Estamos muy confiados en que Dios har\u00e1 su obra y los m\u00e9dicos continuar\u00e1n haciendo su trabajo&#8221;, coment\u00f3 Puello Herrera en un breve comunicado de prensa.<\/p>\n","protected":false},"excerpt":{"rendered":"<p>El Comisionado de Beisbol Profesional del Caribe, licenciado Juan Francisco Puello Herrera, lament\u00f3 profundamente la situaci\u00f3n de salud que atraviesa la gloria del b\u00e9isbol de Grandes Ligas, David Ortiz, quien recibiera un balazo el pasado domingo en un centro de diversi\u00f3n en la margen oriental.<\/p>\n","protected":false},"author":16,"featured_media":55434,"comment_status":"closed","ping_status":"closed","sticky":false,"template":"","format":"standard","meta":[],"categories":[2,60],"tags":[],"acf":[],"_links":{"self":[{"href":"https:\/\/colimdo.org\/wp-api\/wp\/v2\/posts\/55433"}],"collection":[{"href":"https:\/\/colimdo.org\/wp-api\/wp\/v2\/posts"}],"about":[{"href":"https:\/\/colimdo.org\/wp-api\/wp\/v2\/types\/post"}],"author":[{"embeddable":true,"href":"https:\/\/colimdo.org\/wp-api\/wp\/v2\/users\/16"}],"replies":[{"embeddable":true,"href":"https:\/\/colimdo.org\/wp-api\/wp\/v2\/comments?post=55433"}],"version-history":[{"count":1,"href":"https:\/\/colimdo.org\/wp-api\/wp\/v2\/posts\/55433\/revisions"}],"predecessor-version":[{"id":55435,"href":"https:\/\/colimdo.org\/wp-api\/wp\/v2\/posts\/55433\/revisions\/55435"}],"wp:featuredmedia":[{"embeddable":true,"href":"https:\/\/colimdo.org\/wp-api\/wp\/v2\/media\/55434"}],"wp:attachment":[{"href":"https:\/\/colimdo.org\/wp-api\/wp\/v2\/media?parent=55433"}],"wp:term":[{"taxonomy":"category","embeddable":true,"href":"https:\/\/colimdo.org\/wp-api\/wp\/v2\/categories?post=55433"},{"taxonomy":"post_tag","embeddable":true,"href":"https:\/\/colimdo.org\/wp-api\/wp\/v2\/tags?post=55433"}],"curies":[{"name":"wp","href":"https:\/\/api.w.org\/{rel}","templated":true}]}}