{"id":55442,"date":"2019-06-10T20:41:34","date_gmt":"2019-06-10T20:41:34","guid":{"rendered":"https:\/\/colimdo.org\/?p=55442"},"modified":"2019-06-10T20:41:34","modified_gmt":"2019-06-10T20:41:34","slug":"david-ortiz-se-ira-boston-cuando-estado-lo-permita","status":"publish","type":"post","link":"https:\/\/colimdo.org\/noticias\/david-ortiz-se-ira-boston-cuando-estado-lo-permita\/","title":{"rendered":"David Ortiz se ir\u00e1 a Boston cuando su estado lo permita"},"content":{"rendered":"<p>BOSTON &#8212; El ex toletero dominicano David Ortiz sufri\u00f3 una herida de bala en la Rep\u00fablica Dominicana, seg\u00fan varios informes.<\/p>\n<p>Varias versiones indican que Ortiz, en medio de un centro social en Santo Domingo&#8211;capital de la Rep\u00fablica Dominicana &#8212; recibi\u00f3 un balazo en la espalda y que la bala sali\u00f3 por el abdomen.<\/p>\n<p>Seg\u00fan m\u00faltiples informes, Big Papi fue operado y est\u00e1 fuera de peligro en condici\u00f3n estable.<\/p>\n<p>El representante de Ortiz, Fernando Cuza, corrobor\u00f3 tal versi\u00f3n.<\/p>\n<p>Los Medias Rojas enviaron un avi\u00f3n para transportar a Ortiz a Boston. Seg\u00fan los informes, el quisqueyano ser\u00e1 trasladado a dicha ciudad cuando su estado se lo permita.<\/p>\n<p>El equipo tambi\u00e9n emiti\u00f3 el siguiente comunicado:<\/p>\n<p>\u201cAnoche nos enteramos del incidente en el que David Ortiz estuvo involucrado en la Rep\u00fablica Dominicana. La familia de David nos ha confirmado que sufri\u00f3 una herida de bala en la espalda\/\u00e1rea abdominal. David est\u00e1 recibiendo tratamiento en la Cl\u00ednica Abel Gonz\u00e1lez en Santo Domingo, donde se recupera de la cirug\u00eda.<\/p>\n<p>Le hemos ofrecido a la familia de David todos los recursos para facilitarle su recuperaci\u00f3n y continuaremos teni\u00e9ndolo en nuestros corazones\u201d.<\/p>\n<p>Leo L\u00f3pez, el asesor de medios de Ortiz, le inform\u00f3 a ESPN que el ex ca\u00f1onero se someti\u00f3 a una operaci\u00f3n de seis horas realizada por tres m\u00e9dicos, liderada por el doctor Abel Gonz\u00e1lez.<\/p>\n<p>\u201cLos m\u00e9dicos dicen que est\u00e1 fuera de peligro, pero est\u00e1 descansando con la ayuda de medicamento y estar\u00e1 bajo cuidados intensivos durante las pr\u00f3ximas 24 horas\u201d, declar\u00f3 L\u00f3pez.<\/p>\n<p>Otras dos personas tambi\u00e9n fueron heridas en el incidente, incluyendo Jhoel L\u00f3pez, un presentador de televisi\u00f3n que acompa\u00f1aba a Ortiz, seg\u00fan el director de la Polic\u00eda Nacional Dominicana, Ney Aldrin Bautista Almonte.<\/p>\n<p>Bautista agreg\u00f3 que el sospechoso fue capturado por civiles cerca del lugar de los hechos. El acusado fue identificado como Eddy F\u00e9liz Garc\u00eda, seg\u00fan el portavoz de las autoridades, el Coronel Frank Dur\u00e1n Mej\u00eda.<\/p>\n<p>Ortiz, de 43 a\u00f1os, peg\u00f3 541 cuadrangulares en su carrera de Grandes Ligas y lider\u00f3 a los Patirrojos a tres t\u00edtulos de Serie Mundial antes de retirarse despu\u00e9s de la campa\u00f1a del 2016.<\/p>\n","protected":false},"excerpt":{"rendered":"<p>Varias versiones indican que Ortiz, en medio de un centro social en Santo Domingo&#8211;capital de la Rep\u00fablica Dominicana &#8212; recibi\u00f3 un balazo en la espalda y que la bala sali\u00f3 por el abdomen.<\/p>\n","protected":false},"author":16,"featured_media":55443,"comment_status":"closed","ping_status":"closed","sticky":false,"template":"","format":"standard","meta":[],"categories":[2,60],"tags":[],"acf":[],"_links":{"self":[{"href":"https:\/\/colimdo.org\/wp-api\/wp\/v2\/posts\/55442"}],"collection":[{"href":"https:\/\/colimdo.org\/wp-api\/wp\/v2\/posts"}],"about":[{"href":"https:\/\/colimdo.org\/wp-api\/wp\/v2\/types\/post"}],"author":[{"embeddable":true,"href":"https:\/\/colimdo.org\/wp-api\/wp\/v2\/users\/16"}],"replies":[{"embeddable":true,"href":"https:\/\/colimdo.org\/wp-api\/wp\/v2\/comments?post=55442"}],"version-history":[{"count":1,"href":"https:\/\/colimdo.org\/wp-api\/wp\/v2\/posts\/55442\/revisions"}],"predecessor-version":[{"id":55444,"href":"https:\/\/colimdo.org\/wp-api\/wp\/v2\/posts\/55442\/revisions\/55444"}],"wp:featuredmedia":[{"embeddable":true,"href":"https:\/\/colimdo.org\/wp-api\/wp\/v2\/media\/55443"}],"wp:attachment":[{"href":"https:\/\/colimdo.org\/wp-api\/wp\/v2\/media?parent=55442"}],"wp:term":[{"taxonomy":"category","embeddable":true,"href":"https:\/\/colimdo.org\/wp-api\/wp\/v2\/categories?post=55442"},{"taxonomy":"post_tag","embeddable":true,"href":"https:\/\/colimdo.org\/wp-api\/wp\/v2\/tags?post=55442"}],"curies":[{"name":"wp","href":"https:\/\/api.w.org\/{rel}","templated":true}]}}