{"id":55522,"date":"2019-06-11T23:12:25","date_gmt":"2019-06-11T23:12:25","guid":{"rendered":"https:\/\/colimdo.org\/?p=55522"},"modified":"2019-06-11T23:12:25","modified_gmt":"2019-06-11T23:12:25","slug":"panam-spors-realizo-seminario-orientacion-juegos-panamericanos-2023","status":"publish","type":"post","link":"https:\/\/colimdo.org\/noticias\/panam-spors-realizo-seminario-orientacion-juegos-panamericanos-2023\/","title":{"rendered":"Panam Spors realiz\u00f3 seminario de orientaci\u00f3n para Juegos Panamericanos 2023"},"content":{"rendered":"<p><strong>SANTIAGO DE CHILE.\u2014\u00a0<\/strong>Este lunes 10 y martes 11 de junio, Panam Sports condujo un in\u00e9dito Seminario de Orientaci\u00f3n sobre la organizaci\u00f3n de los Juegos Panamericanos Santiago 2023.<\/p>\n<p>La cita cont\u00f3 con la presencia de Neven Ilic, Presidente de Panam Sports; Miguel \u00c1ngel Mujica, Presidente del Comit\u00e9 Ol\u00edmpico de Chile; Andr\u00e9s Otero, Subsecretario del Ministerio del Deporte de Chile; Mario Moccia, Presidente de la Comisi\u00f3n de Coordinaci\u00f3n Santiago 2023; y Karl Samsing, Presidente del Directorio de la Corporaci\u00f3n Santiago 2023, entre otras autoridades y funcionarios de dichas instituciones.<\/p>\n<p>&#8220;Fueron dos d\u00edas muy productivos. Como Panam Sports hemos tra\u00eddo a Chile a profesionales con mucha experiencia en Juegos Panamericanos para que orienten a la Corporaci\u00f3n Santiago 2023, al Comit\u00e9 Ol\u00edmpico de Chile y al Gobierno en diferentes aspectos organizativos. He visto un gran equipo, con mucho inter\u00e9s de aprender y trabajar arduamente por este gran desaf\u00edo que tiene Chile por delante&#8221;, se\u00f1al\u00f3 el Presidente de Panam Sports, Neven Ilic.<\/p>\n<p>El seminario, realizado por primera vez en la historia de los Juegos Panamericanos, tuvo entre sus contenidos aspectos de marca, de la estructura del Comit\u00e9 Organizador, Villa Panamericana, Televisi\u00f3n y otros servicios asociados a la organizaci\u00f3n del megaevento.<\/p>\n<p>\u201cTuvimos dos jornadas de intercambio de informaci\u00f3n muy valiosa. Sin dudas que quienes no tienen experiencia previa en megaeventos pudieron hacerse una idea de la magnitud de la organizaci\u00f3n, y es un hito importante para el trabajo de la corporaci\u00f3n\u201d, analiz\u00f3 Miguel \u00c1ngel Mujica, Presidente del COCH.<\/p>\n<p>En tanto, el Subsecretario del Ministerio del Deporte de Chile, Andr\u00e9s Otero, asegur\u00f3 que \u201cEstamos muy contentos con esta visita que hizo Panam Sports para orientar este camino que ya lleva un a\u00f1o de trabajo de cara a la organizaci\u00f3n de los Juegos Panamericanos Santiago 2023, y para los que el Presidente Pi\u00f1era ha fijado un ambicioso objetivo bajo el liderazgo de la Ministra Pauline Kantor: que sean los mejores de la historia, dejando un gran legado para el deporte y para la ciudad\u201d.<\/p>\n","protected":false},"excerpt":{"rendered":"<p>El seminario fue realizado los dias lunes 10 y martes 11 de junio en la ciudad de Santiago de Chile.<\/p>\n","protected":false},"author":16,"featured_media":55523,"comment_status":"closed","ping_status":"closed","sticky":false,"template":"","format":"standard","meta":[],"categories":[2,60],"tags":[],"acf":[],"_links":{"self":[{"href":"https:\/\/colimdo.org\/wp-api\/wp\/v2\/posts\/55522"}],"collection":[{"href":"https:\/\/colimdo.org\/wp-api\/wp\/v2\/posts"}],"about":[{"href":"https:\/\/colimdo.org\/wp-api\/wp\/v2\/types\/post"}],"author":[{"embeddable":true,"href":"https:\/\/colimdo.org\/wp-api\/wp\/v2\/users\/16"}],"replies":[{"embeddable":true,"href":"https:\/\/colimdo.org\/wp-api\/wp\/v2\/comments?post=55522"}],"version-history":[{"count":1,"href":"https:\/\/colimdo.org\/wp-api\/wp\/v2\/posts\/55522\/revisions"}],"predecessor-version":[{"id":55524,"href":"https:\/\/colimdo.org\/wp-api\/wp\/v2\/posts\/55522\/revisions\/55524"}],"wp:featuredmedia":[{"embeddable":true,"href":"https:\/\/colimdo.org\/wp-api\/wp\/v2\/media\/55523"}],"wp:attachment":[{"href":"https:\/\/colimdo.org\/wp-api\/wp\/v2\/media?parent=55522"}],"wp:term":[{"taxonomy":"category","embeddable":true,"href":"https:\/\/colimdo.org\/wp-api\/wp\/v2\/categories?post=55522"},{"taxonomy":"post_tag","embeddable":true,"href":"https:\/\/colimdo.org\/wp-api\/wp\/v2\/tags?post=55522"}],"curies":[{"name":"wp","href":"https:\/\/api.w.org\/{rel}","templated":true}]}}