{"id":55528,"date":"2019-06-11T23:21:36","date_gmt":"2019-06-11T23:21:36","guid":{"rendered":"https:\/\/colimdo.org\/?p=55528"},"modified":"2019-06-11T23:25:16","modified_gmt":"2019-06-11T23:25:16","slug":"claro-celebrara-la-gala-premiacion-copa-intercolegial","status":"publish","type":"post","link":"https:\/\/colimdo.org\/noticias\/claro-celebrara-la-gala-premiacion-copa-intercolegial\/","title":{"rendered":"Claro celebrar\u00e1 la Gala de premiaci\u00f3n de su Copa Intercolegial"},"content":{"rendered":"<p>SANTO DOMINGO.-Claro anunci\u00f3 la celebraci\u00f3n de la Gala de premiaci\u00f3n de los atletas m\u00e1s destacados de su Copa Intercolegial 2018-19, a efectuarse este mi\u00e9rcoles \u00a0a partir de las 6:30 de la tarde, en el Sal\u00f3n Multiuso, del Edificio Corporativo Claro, de esta ciudad.<\/p>\n<p>En la actividad ser\u00e1n galardonados los Atletas del A\u00f1o masculino y femenino, la Jugada del A\u00f1o en ambas ramas y el Colegio del A\u00f1o, de los eventos organizados dentro de la Copa Intercolegial Claro, en las disciplinas de futsal\u00a0femenino y masculino, baloncesto masculino, boliche y voleibol femenino.<\/p>\n<p>La elecci\u00f3n de los ganadores estuvo a cargo de un jurado integrado por la ex voleibolista Cosiri Rodr\u00edguez, los periodistas Roosevelt Comarazamy, Frank Prats y Leo L\u00f3pez, y el entrenador y t\u00e9cnico de f\u00fatbol, Jorge Rolando Bauger.<\/p>\n<p>Rodr\u00edguez y Prats son Inmortales del Deporte Dominicano.<\/p>\n<p>En la temporada 2017-18 los ganadores de estos premios fueron, Rawelky Betancourt (baloncesto),\u00a0\u00a0colegio Santiago Ap\u00f3stol, de Santiago, Atleta del A\u00f1o Masculino; Deborah Kriesi (f\u00fatsal), colegio Saint George, de\u00a0 Santo Domingo, Atleta del A\u00f1o Femenina; Evens Fuhit Edouard (baloncesto), Centro Educativo Crossover, del Distrito Nacional, Jugada del A\u00f1o Masculina;\u00a0 Teresa Santana (futsal), colegio Saint Joseph, Santo Domingo, Jugada del A\u00f1o Femenina y Saint George, Colegio del A\u00f1o.<\/p>\n<p>La Copa Intercolegial Claro comenz\u00f3 en 2011 con la participaci\u00f3n de 49 colegios, en 2 disciplinas y en la pasada edici\u00f3n compitieron \u00a0296 centros de estudio en 4 deportes.<\/p>\n<p>La Gala ser\u00e1 transmitida en vivo por Facebook en clarord y en diferido por CDNSportsMax, el lunes 17 junio, a las \u00a07:00 p.m.<\/p>\n<div class=\"wpcnt\"><\/div>\n","protected":false},"excerpt":{"rendered":"<p>En la actividad ser\u00e1n galardonados los Atletas del A\u00f1o masculino y femenino, la Jugada del A\u00f1o en ambas ramas y el Colegio del A\u00f1o, de los eventos organizados dentro de la Copa Intercolegial Claro, en las disciplinas de futsal\u00a0femenino y masculino, baloncesto masculino, boliche y voleibol femenino.<\/p>\n","protected":false},"author":16,"featured_media":55530,"comment_status":"closed","ping_status":"closed","sticky":false,"template":"","format":"standard","meta":[],"categories":[2,60],"tags":[],"acf":[],"_links":{"self":[{"href":"https:\/\/colimdo.org\/wp-api\/wp\/v2\/posts\/55528"}],"collection":[{"href":"https:\/\/colimdo.org\/wp-api\/wp\/v2\/posts"}],"about":[{"href":"https:\/\/colimdo.org\/wp-api\/wp\/v2\/types\/post"}],"author":[{"embeddable":true,"href":"https:\/\/colimdo.org\/wp-api\/wp\/v2\/users\/16"}],"replies":[{"embeddable":true,"href":"https:\/\/colimdo.org\/wp-api\/wp\/v2\/comments?post=55528"}],"version-history":[{"count":1,"href":"https:\/\/colimdo.org\/wp-api\/wp\/v2\/posts\/55528\/revisions"}],"predecessor-version":[{"id":55529,"href":"https:\/\/colimdo.org\/wp-api\/wp\/v2\/posts\/55528\/revisions\/55529"}],"wp:featuredmedia":[{"embeddable":true,"href":"https:\/\/colimdo.org\/wp-api\/wp\/v2\/media\/55530"}],"wp:attachment":[{"href":"https:\/\/colimdo.org\/wp-api\/wp\/v2\/media?parent=55528"}],"wp:term":[{"taxonomy":"category","embeddable":true,"href":"https:\/\/colimdo.org\/wp-api\/wp\/v2\/categories?post=55528"},{"taxonomy":"post_tag","embeddable":true,"href":"https:\/\/colimdo.org\/wp-api\/wp\/v2\/tags?post=55528"}],"curies":[{"name":"wp","href":"https:\/\/api.w.org\/{rel}","templated":true}]}}