{"id":55534,"date":"2019-06-11T23:38:04","date_gmt":"2019-06-11T23:38:04","guid":{"rendered":"https:\/\/colimdo.org\/?p=55534"},"modified":"2019-06-11T23:38:04","modified_gmt":"2019-06-11T23:38:04","slug":"imparten-seminario-periodistas-dirigentes-deportivos","status":"publish","type":"post","link":"https:\/\/colimdo.org\/noticias\/imparten-seminario-periodistas-dirigentes-deportivos\/","title":{"rendered":"Imparten seminario para periodistas y dirigentes deportivos"},"content":{"rendered":"<p>SANTO DOMINGO.- El periodista Mario Emilio Guerrero imparti\u00f3 el seminario Relaci\u00f3n entre los medios de comunicaciones y las organizaciones deportivas en el sal\u00f3n Juan Ulises Garc\u00eda Saleta, del Comit\u00e9 Ol\u00edmpico Dominicano.<\/p>\n<p>El curso tuvo una duraci\u00f3n de seis horas y cont\u00f3 con la participaci\u00f3n de alrededor de 25 personas, entre dirigentes y cronistas deportivos, y estudiantes de periodismo.<\/p>\n<p>Durante el acto de apertura del seminario, habl\u00f3 el presidente del COD, Luis Mej\u00eda Oviedo, quien destac\u00f3 la importancia de este tipo de evento, que contribuye a la capacitaci\u00f3n de directivos y comunicadores y prometi\u00f3 reeditar la actividad para que participen dirigentes del interior del pa\u00eds.<\/p>\n<p>Nelson Ram\u00edrez, dirigente del COD y de la Federaci\u00f3n Dominicana de Voleibol, tambi\u00e9n resalt\u00f3 la iniciativa de organizar el curso y coincidi\u00f3 con Mej\u00eda en la necesidad de volver a celebrarlo.<\/p>\n<p>Los principales temas a desarrollados en la actividad fueron, la funci\u00f3n del responsable de prensa de la organizaci\u00f3n deportiva para los medios de comunicaci\u00f3n, el comunicado o nota de prensa, la conferencia de prensa, comentarios sobre las relaciones con los medios de comunicaci\u00f3n y c\u00f3mo evaluar las actividades relacionadas con los mismos.<\/p>\n<p>El seminario cuenta con el aval del COD y la Asociaci\u00f3n de Cronistas Deportivos \u00a0de Santo Domingo (ACD) y los auspicios del Ministerio de Deportes, Ministerio Administrativo de la Presidencia y el Banco de Reservas.<\/p>\n<p>Guerrero es un periodista deportivo con m\u00e1s de 45 a\u00f1os de experiencia.<\/p>\n","protected":false},"excerpt":{"rendered":"<p>El curso tuvo una duraci\u00f3n de seis horas y cont\u00f3 con la participaci\u00f3n de alrededor de 25 personas, entre dirigentes y cronistas deportivos, y estudiantes de periodismo.<\/p>\n","protected":false},"author":16,"featured_media":55535,"comment_status":"closed","ping_status":"closed","sticky":false,"template":"","format":"standard","meta":[],"categories":[2,60],"tags":[],"acf":[],"_links":{"self":[{"href":"https:\/\/colimdo.org\/wp-api\/wp\/v2\/posts\/55534"}],"collection":[{"href":"https:\/\/colimdo.org\/wp-api\/wp\/v2\/posts"}],"about":[{"href":"https:\/\/colimdo.org\/wp-api\/wp\/v2\/types\/post"}],"author":[{"embeddable":true,"href":"https:\/\/colimdo.org\/wp-api\/wp\/v2\/users\/16"}],"replies":[{"embeddable":true,"href":"https:\/\/colimdo.org\/wp-api\/wp\/v2\/comments?post=55534"}],"version-history":[{"count":1,"href":"https:\/\/colimdo.org\/wp-api\/wp\/v2\/posts\/55534\/revisions"}],"predecessor-version":[{"id":55536,"href":"https:\/\/colimdo.org\/wp-api\/wp\/v2\/posts\/55534\/revisions\/55536"}],"wp:featuredmedia":[{"embeddable":true,"href":"https:\/\/colimdo.org\/wp-api\/wp\/v2\/media\/55535"}],"wp:attachment":[{"href":"https:\/\/colimdo.org\/wp-api\/wp\/v2\/media?parent=55534"}],"wp:term":[{"taxonomy":"category","embeddable":true,"href":"https:\/\/colimdo.org\/wp-api\/wp\/v2\/categories?post=55534"},{"taxonomy":"post_tag","embeddable":true,"href":"https:\/\/colimdo.org\/wp-api\/wp\/v2\/tags?post=55534"}],"curies":[{"name":"wp","href":"https:\/\/api.w.org\/{rel}","templated":true}]}}