{"id":55563,"date":"2019-06-12T14:53:49","date_gmt":"2019-06-12T14:53:49","guid":{"rendered":"https:\/\/colimdo.org\/?p=55563"},"modified":"2019-06-12T14:53:49","modified_gmt":"2019-06-12T14:53:49","slug":"francia-oficializa-los-15-preseleccionados-mundial","status":"publish","type":"post","link":"https:\/\/colimdo.org\/noticias\/francia-oficializa-los-15-preseleccionados-mundial\/","title":{"rendered":"Francia oficializa los 15 preseleccionados para el Mundial"},"content":{"rendered":"<p>NBAMANIACS.-\u00a0La Selecci\u00f3n de Baloncesto de Francia ha oficializado a los 15 jugadores preseleccionados para el pr\u00f3ximo Mundial 2019 que tendr\u00e1 lugar en China entre el pr\u00f3ximo 31 de agosto y 15 de septiembre.<\/p>\n<p>Entre los escogidos destacan 5 jugadores de la NBA, liderados por el p\u00edvot de Utah Jazz, Rudy Gobert. A \u00e9ste le siguen Nicolas Batum de Charlotte Hornets; Evan Fournier de Orlando Magic; Timothy Luwawu-Cabarrot de Chicago Bulls y Frank Ntilikina de New York Knicks.<\/p>\n<p>Asimismo, Vincent Collet contar\u00e1 con el ex NBA, Nando de Colo, que est\u00e1 muy cerca de abandonar las filas del CSKA de Mosc\u00fa, y con el base del F.C. Barcelona, Thomas Heurtel, que apunta a base titular.<\/p>\n<p>A los citados miembros hay que a\u00f1adir a los jugadores Andrew Albicy, Louis Labeyrie, Paul Lacombe, Mathias Lessort, Amath M\u2019Baye, Adrien Moerman, Vincent Poirier y Alex Toupane.<\/p>\n<p>Asimismo, como reservas por si hubiera alg\u00fan percance f\u00edsico est\u00e1n incluidos Moustapha Fall, Edwin Jackson, Lahaou Konate, Elie Okobo, Yakuba Ouattara, Leo Westermann y el integrante de Boston Celtics, Guershon Yabusele.<\/p>\n","protected":false},"excerpt":{"rendered":"<p>\u00a0La Selecci\u00f3n de Baloncesto de Francia ha oficializado a los 15 jugadores preseleccionados para el pr\u00f3ximo Mundial 2019 que tendr\u00e1 lugar en China entre el pr\u00f3ximo 31 de agosto y 15 de septiembre.<\/p>\n","protected":false},"author":19,"featured_media":55564,"comment_status":"closed","ping_status":"closed","sticky":false,"template":"","format":"standard","meta":[],"categories":[2,60],"tags":[],"acf":[],"_links":{"self":[{"href":"https:\/\/colimdo.org\/wp-api\/wp\/v2\/posts\/55563"}],"collection":[{"href":"https:\/\/colimdo.org\/wp-api\/wp\/v2\/posts"}],"about":[{"href":"https:\/\/colimdo.org\/wp-api\/wp\/v2\/types\/post"}],"author":[{"embeddable":true,"href":"https:\/\/colimdo.org\/wp-api\/wp\/v2\/users\/19"}],"replies":[{"embeddable":true,"href":"https:\/\/colimdo.org\/wp-api\/wp\/v2\/comments?post=55563"}],"version-history":[{"count":1,"href":"https:\/\/colimdo.org\/wp-api\/wp\/v2\/posts\/55563\/revisions"}],"predecessor-version":[{"id":55565,"href":"https:\/\/colimdo.org\/wp-api\/wp\/v2\/posts\/55563\/revisions\/55565"}],"wp:featuredmedia":[{"embeddable":true,"href":"https:\/\/colimdo.org\/wp-api\/wp\/v2\/media\/55564"}],"wp:attachment":[{"href":"https:\/\/colimdo.org\/wp-api\/wp\/v2\/media?parent=55563"}],"wp:term":[{"taxonomy":"category","embeddable":true,"href":"https:\/\/colimdo.org\/wp-api\/wp\/v2\/categories?post=55563"},{"taxonomy":"post_tag","embeddable":true,"href":"https:\/\/colimdo.org\/wp-api\/wp\/v2\/tags?post=55563"}],"curies":[{"name":"wp","href":"https:\/\/api.w.org\/{rel}","templated":true}]}}