{"id":55566,"date":"2019-06-12T15:00:16","date_gmt":"2019-06-12T15:00:16","guid":{"rendered":"https:\/\/colimdo.org\/?p=55566"},"modified":"2019-06-12T15:00:16","modified_gmt":"2019-06-12T15:00:16","slug":"eulis-baez-confirma-estara-rd-mundial-china","status":"publish","type":"post","link":"https:\/\/colimdo.org\/noticias\/eulis-baez-confirma-estara-rd-mundial-china\/","title":{"rendered":"Eulis B\u00e1ez confirma estar\u00e1 con RD en Mundial de China"},"content":{"rendered":"<p>SANTO DOMINGO, HANLY RAM\u00cdREZ.- El alero dominicano Eulis B\u00e1ez confirm\u00f3 este mi\u00e9rcoles que estar\u00e1 con la selecci\u00f3n nacional que participar\u00e1 en el Mundial de Baloncesto FIBA a celebrarse del 31 de agosto al 15 de septiembre en China.<\/p>\n<p>\u201cEn el futuro inmediato tengo pensado jugar en el Mundial de Baloncesto de China con mi pa\u00eds\u201d, dijo B\u00e1ez durante una rueda de prensa celebrada este mi\u00e9rcoles, donde se anunci\u00f3 que no continuar\u00e1 con el equipo Herbalife Gran Canaria.<\/p>\n<p>Esta ser\u00e1 la segunda participaci\u00f3n de B\u00e1ez con el equipo dominicano en un Mundial de mayores, ya que estuvo con el conjunto quisqueyano en la pasada edici\u00f3n realizada en Madrid, Espa\u00f1a en el 2014.<\/p>\n<p>Eulis es uno de los principales jugadores internacionales del conjunto dominicano, en el cual goza de un gran respeto por parte de sus compa\u00f1eros, quienes lo ven como un l\u00edder y gu\u00eda debido a su experiencia en diversas competiciones de gran nivel.<\/p>\n<p>B\u00e1ez, quien era el capit\u00e1n del Gran Canaria, disput\u00f3 siete temporadas con el equipo de la Liga Endesa, participando un total de 355 partidos con la camiseta amarilla, 96 de ellos en competiciones europeas.<\/p>\n<p>B\u00e1ez termin\u00f3 su paso siendo el segundo m\u00e1ximo reboteador de la historia del equipo, el tercer jugador con m\u00e1s minutos disputados, el cuarto con m\u00e1s partidos y el cuarto en puntos anotados.<\/p>\n<p>\u201cVoy a seguir jugando, hago esto para despedirme y para que la gente sepa que me voy muy contento con lo que fue mi etapa aqu\u00ed\u201d, expres\u00f3 B\u00e1ez sobre su salida del equipo.<\/p>\n<p>&nbsp;<\/p>\n","protected":false},"excerpt":{"rendered":"<p>Esta ser\u00e1 la segunda participaci\u00f3n de B\u00e1ez con el equipo dominicano en un Mundial de mayores, ya que estuvo con el conjunto quisqueyano en la pasada edici\u00f3n realizada en Madrid, Espa\u00f1a en el 2014.<\/p>\n","protected":false},"author":19,"featured_media":55567,"comment_status":"closed","ping_status":"closed","sticky":false,"template":"","format":"standard","meta":[],"categories":[2,60],"tags":[],"acf":[],"_links":{"self":[{"href":"https:\/\/colimdo.org\/wp-api\/wp\/v2\/posts\/55566"}],"collection":[{"href":"https:\/\/colimdo.org\/wp-api\/wp\/v2\/posts"}],"about":[{"href":"https:\/\/colimdo.org\/wp-api\/wp\/v2\/types\/post"}],"author":[{"embeddable":true,"href":"https:\/\/colimdo.org\/wp-api\/wp\/v2\/users\/19"}],"replies":[{"embeddable":true,"href":"https:\/\/colimdo.org\/wp-api\/wp\/v2\/comments?post=55566"}],"version-history":[{"count":1,"href":"https:\/\/colimdo.org\/wp-api\/wp\/v2\/posts\/55566\/revisions"}],"predecessor-version":[{"id":55568,"href":"https:\/\/colimdo.org\/wp-api\/wp\/v2\/posts\/55566\/revisions\/55568"}],"wp:featuredmedia":[{"embeddable":true,"href":"https:\/\/colimdo.org\/wp-api\/wp\/v2\/media\/55567"}],"wp:attachment":[{"href":"https:\/\/colimdo.org\/wp-api\/wp\/v2\/media?parent=55566"}],"wp:term":[{"taxonomy":"category","embeddable":true,"href":"https:\/\/colimdo.org\/wp-api\/wp\/v2\/categories?post=55566"},{"taxonomy":"post_tag","embeddable":true,"href":"https:\/\/colimdo.org\/wp-api\/wp\/v2\/tags?post=55566"}],"curies":[{"name":"wp","href":"https:\/\/api.w.org\/{rel}","templated":true}]}}