{"id":55584,"date":"2019-06-12T23:46:02","date_gmt":"2019-06-12T23:46:02","guid":{"rendered":"https:\/\/colimdo.org\/?p=55584"},"modified":"2019-06-12T23:47:33","modified_gmt":"2019-06-12T23:47:33","slug":"yudelkis-contreras-recibe-emotivo-homenaje-retiro-las-pesas","status":"publish","type":"post","link":"https:\/\/colimdo.org\/sin-categoria\/yudelkis-contreras-recibe-emotivo-homenaje-retiro-las-pesas\/","title":{"rendered":"Yudelkis Contreras recibe emotivo homenaje en retiro de las pesas"},"content":{"rendered":"<p><strong>SANTO DOMINGO. <\/strong>\u201cNo me ir\u00e9 del deporte, siempre estar\u00e9 aqu\u00ed. Gracias por el apoyo que me han dado\u201d. As\u00ed expres\u00f3 su agradecimiento Yudelkis Contreras al anunciar este martes su retiro de la alta competici\u00f3n en las pesas.<\/p>\n<p>El emotivo acto de despedida se llev\u00f3 a cabo en el sal\u00f3n Juan Ulises Garc\u00eda Saleta del Comit\u00e9 Ol\u00edmpico Dominicano (COD), organizador de la actividad conjuntamente con el Ministerio de Deportes, la Federaci\u00f3n Dominicana de Pesas y el C\u00edrculo Deportivo Militar y Policial.<\/p>\n<p>Tras 18 a\u00f1os como atleta de alto rendimiento en las pesas, Contreras recibi\u00f3 un gran homenaje y dej\u00f3 abierta las puertas para dar el salto a otra etapa de su vida, en esta ocasi\u00f3n como profesional acad\u00e9mica.<\/p>\n<p>El ministro de Deportes, Danilo D\u00edaz Vizca\u00edno, anunci\u00f3 que Yudelkis ser\u00e1 incluida en la n\u00f3mina de la cartera deportiva en mejores condiciones, mientras que Luis Mej\u00eda, presidente del COD, revel\u00f3 que la pesista recibir\u00e1 una compensaci\u00f3n en su condici\u00f3n de pasante de la carrera de contabilidad en el organismo.<\/p>\n<p>\u201cYudelkis es una gran persona y un modelo l\u00edder para los j\u00f3venes. Este es el tipo de personas que el pa\u00eds necesita, verdaderos futuros l\u00edderes\u201d, manifest\u00f3 el empresario Felipe Vicini, presidente del Grupo Creando Sue\u00f1os Ol\u00edmpicos (Creso). \u201cEn Creso tenemos una serie de facilidades para Yudelkis, para que pueda hacer la transici\u00f3n post-atl\u00e9tico\u201d, agreg\u00f3.<\/p>\n<p><strong>Motivo de su retiro<\/strong><\/p>\n<p>El objetivo de Contreras era permanecer activa hasta los Juegos Panamericanos que se celebrar\u00e1n del 26 de julio al 3 de agosto pr\u00f3ximo en Lima, Per\u00fa.<\/p>\n<p>Pero lleg\u00f3 algo inesperado. \u201cMis planes eran llegar a los Juegos Panamericanos, pero los dolores se complicaron, ya estaba tomando la forma, pero cuando estaba en un 90 por ciento de preparaci\u00f3n me lastim\u00e9 la rodilla, un tir\u00f3n en el muslo, lo que me llev\u00f3 a reflexionar que ten\u00eda tiempo de recuperarme y prepararme, pero podr\u00eda pasar lo mismo y ya no soy la misma de antes, ya no me recupero tan r\u00e1pido, y yo soy de las atletas que cuando sale a una competencia, sale a ganar la medalla\u201d, narr\u00f3 la hoy retirada pesista.<\/p>\n<p>La laureada atleta exhort\u00f3 a los j\u00f3venes y a los atletas a luchar incansablemente por sus sue\u00f1os. \u201cCuando se quiere, se puede, que no hay meta que uno se trace que no la cumpla, todo lo que uno quiere se puede lograr, siempre con constancia, dedicaci\u00f3n y esfuerzo\u201d, dijo.<\/p>\n<p>Contreras record\u00f3 que la conquista de la primera medalla mundialista fue lo que m\u00e1s le impact\u00f3, as\u00ed como su primera presea panamericana, cuando estableci\u00f3 tres marcas.<\/p>\n<p>\u201cCada vez que tomaba una medalla mundial me emocionaba much\u00edsimo, porque digo que una medalla mundial no tiene comparaci\u00f3n\u201d, dijo Yuderkis, que cit\u00f3 el positivo que se le atribuy\u00f3 en los Juegos Ol\u00edmpicos de Beijing 2008 y que luego le fue retirado, como el momento m\u00e1s triste de su carrera deportiva.<\/p>\n<p>en el acto estuvieron adem\u00e1s una comisi\u00f3n de San Pedro de Macor\u00eds, encabezada por el doctor Eric Yermenos, el s\u00edndico Tony Echavarr\u00eda, el gobernador Pedro Mota, y la diputada Juana Vicente.<\/p>\n<p>Tambi\u00e9n se dieron cita los miembros del comit\u00e9 ejecutivo de la federaci\u00f3n de pesas, liderada por su presidente William Ozuna, y atletas de esa federaci\u00f3n, y representantes del C\u00edrculo Deportivo Militar y Policial.<\/p>\n","protected":false},"excerpt":{"rendered":"<p> \u201cNo me ir\u00e9 del deporte, siempre estar\u00e9 aqu\u00ed\u201d, asegur\u00f3 Contreras durante el homenaje este mi\u00e9rcoles en el Comit\u00e9 Ol\u00edmpico Dominicano.<\/p>\n","protected":false},"author":13,"featured_media":55585,"comment_status":"closed","ping_status":"closed","sticky":false,"template":"","format":"standard","meta":[],"categories":[2,1,60],"tags":[],"acf":[],"_links":{"self":[{"href":"https:\/\/colimdo.org\/wp-api\/wp\/v2\/posts\/55584"}],"collection":[{"href":"https:\/\/colimdo.org\/wp-api\/wp\/v2\/posts"}],"about":[{"href":"https:\/\/colimdo.org\/wp-api\/wp\/v2\/types\/post"}],"author":[{"embeddable":true,"href":"https:\/\/colimdo.org\/wp-api\/wp\/v2\/users\/13"}],"replies":[{"embeddable":true,"href":"https:\/\/colimdo.org\/wp-api\/wp\/v2\/comments?post=55584"}],"version-history":[{"count":1,"href":"https:\/\/colimdo.org\/wp-api\/wp\/v2\/posts\/55584\/revisions"}],"predecessor-version":[{"id":55586,"href":"https:\/\/colimdo.org\/wp-api\/wp\/v2\/posts\/55584\/revisions\/55586"}],"wp:featuredmedia":[{"embeddable":true,"href":"https:\/\/colimdo.org\/wp-api\/wp\/v2\/media\/55585"}],"wp:attachment":[{"href":"https:\/\/colimdo.org\/wp-api\/wp\/v2\/media?parent=55584"}],"wp:term":[{"taxonomy":"category","embeddable":true,"href":"https:\/\/colimdo.org\/wp-api\/wp\/v2\/categories?post=55584"},{"taxonomy":"post_tag","embeddable":true,"href":"https:\/\/colimdo.org\/wp-api\/wp\/v2\/tags?post=55584"}],"curies":[{"name":"wp","href":"https:\/\/api.w.org\/{rel}","templated":true}]}}